{"id":11287,"date":"2012-05-20T18:57:12","date_gmt":"2012-05-20T16:57:12","guid":{"rendered":"http:\/\/grete.duna.no\/blog\/?p=11287"},"modified":"2012-05-20T18:57:12","modified_gmt":"2012-05-20T16:57:12","slug":"kameradod","status":"publish","type":"post","link":"http:\/\/grete.duna.no\/blog\/2012\/05\/20\/kameradod\/","title":{"rendered":"Kamerad\u00f8d"},"content":{"rendered":"<p>Min lille Elph har n\u00e5 trukket sitt siste sukk. Jeg fikk <a href=\"http:\/\/grete.duna.no\/blog\/2009\/08\/25\/elph-gjenforening\/\">samme feil som for tre \u00e5r siden<\/a>, og klarte p\u00e5 et vis \u00e5 kneppe p\u00e5 plass linsa igjen. Men etter det har bildet v\u00e6rt svart &#8211; optikken ser ikke noe lys i det hele tatt. S\u00e5 da ble det jakt p\u00e5 en ny liten snapshot-f\u00f8lgesvenn. Jeg er nok litt s\u00e6r, for jeg \u00f8nsket meg mest av alt et helt likedan kamera. Og lykken sto meg bi, jeg fant brukte kameraer i fleng b\u00e5de p\u00e5 Amazon og eBay. Pappa er en kl\u00f8pper p\u00e5 nett-auksjoner. N\u00e5 har jeg f\u00e5tt et pent brukt eksemplar &#8211; som virker &#8211; og er i gang med sm\u00e5fotograferingen igjen.<\/p>\n<figure id=\"attachment_11333\" aria-describedby=\"caption-attachment-11333\" style=\"width: 540px\" class=\"wp-caption aligncenter\"><a href=\"http:\/\/grete.duna.no\/blog\/wp-content\/uploads\/2012\/05\/to-elph.jpg\"><img decoding=\"async\" loading=\"lazy\" class=\" wp-image-11333 \" style=\"border: 1px solid black; margin-top: 1px; margin-bottom: 1px;\" title=\"to-elph\" src=\"http:\/\/grete.duna.no\/blog\/wp-content\/uploads\/2012\/05\/to-elph.jpg\" alt=\"\" width=\"540\" height=\"394\" srcset=\"http:\/\/grete.duna.no\/blog\/wp-content\/uploads\/2012\/05\/to-elph.jpg 600w, http:\/\/grete.duna.no\/blog\/wp-content\/uploads\/2012\/05\/to-elph-300x219.jpg 300w\" sizes=\"(max-width: 540px) 85vw, 540px\" \/><\/a><figcaption id=\"caption-attachment-11333\" class=\"wp-caption-text\">Elph-tvillinger \u2013 begge brukt, men bare ett virker<\/figcaption><\/figure>\n","protected":false},"excerpt":{"rendered":"<p>Min lille Elph har n\u00e5 trukket sitt siste sukk. Jeg fikk samme feil som for tre \u00e5r siden, og klarte p\u00e5 et vis \u00e5 kneppe p\u00e5 plass linsa igjen. Men etter det har bildet v\u00e6rt svart &#8211; optikken ser ikke noe lys i det hele tatt. S\u00e5 da ble det jakt p\u00e5 en ny liten &hellip; <a href=\"http:\/\/grete.duna.no\/blog\/2012\/05\/20\/kameradod\/\" class=\"more-link\">Continue reading<span class=\"screen-reader-text\"> &#8220;Kamerad\u00f8d&#8221;<\/span><\/a><\/p>\n","protected":false},"author":2,"featured_media":0,"comment_status":"open","ping_status":"open","sticky":false,"template":"","format":"standard","meta":[],"categories":[9,11],"tags":[63,17,163],"_links":{"self":[{"href":"http:\/\/grete.duna.no\/blog\/wp-json\/wp\/v2\/posts\/11287"}],"collection":[{"href":"http:\/\/grete.duna.no\/blog\/wp-json\/wp\/v2\/posts"}],"about":[{"href":"http:\/\/grete.duna.no\/blog\/wp-json\/wp\/v2\/types\/post"}],"author":[{"embeddable":true,"href":"http:\/\/grete.duna.no\/blog\/wp-json\/wp\/v2\/users\/2"}],"replies":[{"embeddable":true,"href":"http:\/\/grete.duna.no\/blog\/wp-json\/wp\/v2\/comments?post=11287"}],"version-history":[{"count":5,"href":"http:\/\/grete.duna.no\/blog\/wp-json\/wp\/v2\/posts\/11287\/revisions"}],"predecessor-version":[{"id":11337,"href":"http:\/\/grete.duna.no\/blog\/wp-json\/wp\/v2\/posts\/11287\/revisions\/11337"}],"wp:attachment":[{"href":"http:\/\/grete.duna.no\/blog\/wp-json\/wp\/v2\/media?parent=11287"}],"wp:term":[{"taxonomy":"category","embeddable":true,"href":"http:\/\/grete.duna.no\/blog\/wp-json\/wp\/v2\/categories?post=11287"},{"taxonomy":"post_tag","embeddable":true,"href":"http:\/\/grete.duna.no\/blog\/wp-json\/wp\/v2\/tags?post=11287"}],"curies":[{"name":"wp","href":"https:\/\/api.w.org\/{rel}","templated":true}]}}