{"id":11291,"date":"2012-05-14T00:31:00","date_gmt":"2012-05-13T22:31:00","guid":{"rendered":"http:\/\/grete.duna.no\/blog\/?p=11291"},"modified":"2014-03-12T13:03:14","modified_gmt":"2014-03-12T12:03:14","slug":"slow-grow","status":"publish","type":"post","link":"http:\/\/grete.duna.no\/blog\/2012\/05\/14\/slow-grow\/","title":{"rendered":"Slow grow"},"content":{"rendered":"<p>Tenk at noe s\u00e5 enkelt kan v\u00e6re s\u00e5 tregt. Jeg plantet noen paprikafr\u00f8 i fjor sommer. De f\u00e5 plantene som kom\u00a0 noen centimeter i v\u00e6ret i l\u00f8pet av sommeren overlevde ikke da det ble m\u00f8rkere og kaldere, bortsett fra \u00e9n. Den tok jeg med inn og satte i kj\u00f8kkenvinduet. N\u00e5 har den blomstret og b\u00e6rer frukt &#8211; eh, paprika &#8211; etter elleve m\u00e5neder. Kanskje det er dette de kaller <em>kortvokst mat<\/em> i den der reklamen p\u00e5 TV?<\/p>\n<figure id=\"attachment_11292\" aria-describedby=\"caption-attachment-11292\" style=\"width: 540px\" class=\"wp-caption aligncenter\"><a href=\"http:\/\/grete.duna.no\/blog\/wp-content\/uploads\/2012\/05\/kortvokst-mat.jpg\"><img decoding=\"async\" loading=\"lazy\" class=\" wp-image-11292 \" style=\"border: 1px solid black; margin-top: 1px; margin-bottom: 1px;\" title=\"kortvokst-mat\" src=\"http:\/\/grete.duna.no\/blog\/wp-content\/uploads\/2012\/05\/kortvokst-mat.jpg\" alt=\"\" width=\"540\" height=\"336\" srcset=\"http:\/\/grete.duna.no\/blog\/wp-content\/uploads\/2012\/05\/kortvokst-mat.jpg 600w, http:\/\/grete.duna.no\/blog\/wp-content\/uploads\/2012\/05\/kortvokst-mat-300x186.jpg 300w\" sizes=\"(max-width: 540px) 85vw, 540px\" \/><\/a><figcaption id=\"caption-attachment-11292\" class=\"wp-caption-text\">Kortvokst mat \u2013 egendyrket!<\/figcaption><\/figure>\n","protected":false},"excerpt":{"rendered":"<p>Tenk at noe s\u00e5 enkelt kan v\u00e6re s\u00e5 tregt. Jeg plantet noen paprikafr\u00f8 i fjor sommer. De f\u00e5 plantene som kom\u00a0 noen centimeter i v\u00e6ret i l\u00f8pet av sommeren overlevde ikke da det ble m\u00f8rkere og kaldere, bortsett fra \u00e9n. Den tok jeg med inn og satte i kj\u00f8kkenvinduet. N\u00e5 har den blomstret og b\u00e6rer &hellip; <a href=\"http:\/\/grete.duna.no\/blog\/2012\/05\/14\/slow-grow\/\" class=\"more-link\">Continue reading<span class=\"screen-reader-text\"> &#8220;Slow grow&#8221;<\/span><\/a><\/p>\n","protected":false},"author":2,"featured_media":0,"comment_status":"open","ping_status":"open","sticky":false,"template":"","format":"standard","meta":[],"categories":[11,43,16],"tags":[192,26,18],"_links":{"self":[{"href":"http:\/\/grete.duna.no\/blog\/wp-json\/wp\/v2\/posts\/11291"}],"collection":[{"href":"http:\/\/grete.duna.no\/blog\/wp-json\/wp\/v2\/posts"}],"about":[{"href":"http:\/\/grete.duna.no\/blog\/wp-json\/wp\/v2\/types\/post"}],"author":[{"embeddable":true,"href":"http:\/\/grete.duna.no\/blog\/wp-json\/wp\/v2\/users\/2"}],"replies":[{"embeddable":true,"href":"http:\/\/grete.duna.no\/blog\/wp-json\/wp\/v2\/comments?post=11291"}],"version-history":[{"count":4,"href":"http:\/\/grete.duna.no\/blog\/wp-json\/wp\/v2\/posts\/11291\/revisions"}],"predecessor-version":[{"id":11296,"href":"http:\/\/grete.duna.no\/blog\/wp-json\/wp\/v2\/posts\/11291\/revisions\/11296"}],"wp:attachment":[{"href":"http:\/\/grete.duna.no\/blog\/wp-json\/wp\/v2\/media?parent=11291"}],"wp:term":[{"taxonomy":"category","embeddable":true,"href":"http:\/\/grete.duna.no\/blog\/wp-json\/wp\/v2\/categories?post=11291"},{"taxonomy":"post_tag","embeddable":true,"href":"http:\/\/grete.duna.no\/blog\/wp-json\/wp\/v2\/tags?post=11291"}],"curies":[{"name":"wp","href":"https:\/\/api.w.org\/{rel}","templated":true}]}}