{"id":11886,"date":"2012-08-01T22:46:56","date_gmt":"2012-08-01T20:46:56","guid":{"rendered":"http:\/\/grete.duna.no\/blog\/?p=11886"},"modified":"2017-05-23T13:17:22","modified_gmt":"2017-05-23T11:17:22","slug":"nord-og-sor-og-ost-og-vest","status":"publish","type":"post","link":"http:\/\/grete.duna.no\/blog\/2012\/08\/01\/nord-og-sor-og-ost-og-vest\/","title":{"rendered":"Nord og s\u00f8r og \u00f8st og vest"},"content":{"rendered":"<p>Vi har levd nesten som nomader en del dager denne siste ferieuken v\u00e5r; en tur hjem fra hytta, deretter en svipptur innom Stugudal og Ohajo sammen med farmor &#8211; inkludert en ekstra <em>harrytur<\/em> til Fun\u00e4sdalen og Sverige.<\/p>\n<figure id=\"attachment_11903\" aria-describedby=\"caption-attachment-11903\" style=\"width: 540px\" class=\"wp-caption aligncenter\"><a href=\"http:\/\/grete.duna.no\/blog\/wp-content\/uploads\/2012\/08\/lukas-pa-ohajo.jpg\"><img decoding=\"async\" loading=\"lazy\" class=\" wp-image-11903 \" style=\"border: 1px solid black; margin-top: 1px; margin-bottom: 1px;\" title=\"lukas-pa-ohajo\" src=\"http:\/\/grete.duna.no\/blog\/wp-content\/uploads\/2012\/08\/lukas-pa-ohajo.jpg\" alt=\"\" width=\"540\" height=\"311\" srcset=\"http:\/\/grete.duna.no\/blog\/wp-content\/uploads\/2012\/08\/lukas-pa-ohajo.jpg 600w, http:\/\/grete.duna.no\/blog\/wp-content\/uploads\/2012\/08\/lukas-pa-ohajo-300x173.jpg 300w\" sizes=\"(max-width: 540px) 85vw, 540px\" \/><\/a><figcaption id=\"caption-attachment-11903\" class=\"wp-caption-text\">Lukas p\u00e5 verandaen p\u00e5 Ohajo \u2013 blant farmors flotte geranium<\/figcaption><\/figure>\n<figure id=\"attachment_11904\" aria-describedby=\"caption-attachment-11904\" style=\"width: 540px\" class=\"wp-caption aligncenter\"><a href=\"http:\/\/grete.duna.no\/blog\/wp-content\/uploads\/2012\/08\/harrytur.jpg\"><img decoding=\"async\" loading=\"lazy\" class=\" wp-image-11904 \" style=\"border: 1px solid black; margin-top: 1px; margin-bottom: 1px;\" title=\"harrytur\" src=\"http:\/\/grete.duna.no\/blog\/wp-content\/uploads\/2012\/08\/harrytur.jpg\" alt=\"\" width=\"540\" height=\"209\" srcset=\"http:\/\/grete.duna.no\/blog\/wp-content\/uploads\/2012\/08\/harrytur.jpg 600w, http:\/\/grete.duna.no\/blog\/wp-content\/uploads\/2012\/08\/harrytur-300x116.jpg 300w\" sizes=\"(max-width: 540px) 85vw, 540px\" \/><\/a><figcaption id=\"caption-attachment-11904\" class=\"wp-caption-text\">S\u00f6ta bror flagger gatelangs, trivelig i Fun\u00e4sdalen<\/figcaption><\/figure>\n<figure id=\"attachment_11905\" aria-describedby=\"caption-attachment-11905\" style=\"width: 540px\" class=\"wp-caption aligncenter\"><a href=\"http:\/\/grete.duna.no\/blog\/wp-content\/uploads\/2012\/08\/lukas-og-tobias-ved-stugusjoen.jpg\"><img decoding=\"async\" loading=\"lazy\" class=\" wp-image-11905 \" style=\"border: 1px solid black; margin-top: 1px; margin-bottom: 1px;\" title=\"lukas-og-tobias-ved-stugusjoen\" src=\"http:\/\/grete.duna.no\/blog\/wp-content\/uploads\/2012\/08\/lukas-og-tobias-ved-stugusjoen.jpg\" alt=\"\" width=\"540\" height=\"327\" srcset=\"http:\/\/grete.duna.no\/blog\/wp-content\/uploads\/2012\/08\/lukas-og-tobias-ved-stugusjoen.jpg 600w, http:\/\/grete.duna.no\/blog\/wp-content\/uploads\/2012\/08\/lukas-og-tobias-ved-stugusjoen-300x181.jpg 300w\" sizes=\"(max-width: 540px) 85vw, 540px\" \/><\/a><figcaption id=\"caption-attachment-11905\" class=\"wp-caption-text\">En liten l\u00f8petur p\u00e5 Rot\u00e5tangen ved Stugusj\u00f8en \u2013 ikke noe fristende \u00e5 bade&#8230;<\/figcaption><\/figure>\n<p>Turen fortsatte med pitstop i heimen, f\u00f8r vi tok kveldsekspressen (egen bil med Olav ved rattet) til Solfang igjen. Ettersom dette er innspurten p\u00e5 ferien i \u00e5r, s\u00e5 m\u00e5 vi jo f\u00e5 med oss litt av hvert &#8211; n\u00e5 h\u00e5per vi p\u00e5 tur ut i havgapet f\u00f8r striskjorta kaller, s\u00e5nn at vi kan krysse av litt mer <em>vest<\/em> p\u00e5 reisestatistikken.<\/p>\n<figure id=\"attachment_11906\" aria-describedby=\"caption-attachment-11906\" style=\"width: 540px\" class=\"wp-caption aligncenter\"><a href=\"http:\/\/grete.duna.no\/blog\/wp-content\/uploads\/2012\/08\/ny-sittegruppe.jpg\"><img decoding=\"async\" loading=\"lazy\" class=\" wp-image-11906 \" style=\"border: 1px solid black; margin-top: 1px; margin-bottom: 1px;\" title=\"ny-sittegruppe\" src=\"http:\/\/grete.duna.no\/blog\/wp-content\/uploads\/2012\/08\/ny-sittegruppe.jpg\" alt=\"\" width=\"540\" height=\"357\" srcset=\"http:\/\/grete.duna.no\/blog\/wp-content\/uploads\/2012\/08\/ny-sittegruppe.jpg 600w, http:\/\/grete.duna.no\/blog\/wp-content\/uploads\/2012\/08\/ny-sittegruppe-300x198.jpg 300w\" sizes=\"(max-width: 540px) 85vw, 540px\" \/><\/a><figcaption id=\"caption-attachment-11906\" class=\"wp-caption-text\">M\u00e5 bare vise frem den nye sittegruppen p\u00e5 hytta \u2013 fin ja?<\/figcaption><\/figure>\n<figure id=\"attachment_11907\" aria-describedby=\"caption-attachment-11907\" style=\"width: 540px\" class=\"wp-caption aligncenter\"><a href=\"http:\/\/grete.duna.no\/blog\/wp-content\/uploads\/2012\/08\/lukas-i-ny-sofa.jpg\"><img decoding=\"async\" loading=\"lazy\" class=\" wp-image-11907 \" style=\"border: 1px solid black; margin-top: 1px; margin-bottom: 1px;\" title=\"lukas-i-ny-sofa\" src=\"http:\/\/grete.duna.no\/blog\/wp-content\/uploads\/2012\/08\/lukas-i-ny-sofa.jpg\" alt=\"\" width=\"540\" height=\"405\" srcset=\"http:\/\/grete.duna.no\/blog\/wp-content\/uploads\/2012\/08\/lukas-i-ny-sofa.jpg 600w, http:\/\/grete.duna.no\/blog\/wp-content\/uploads\/2012\/08\/lukas-i-ny-sofa-300x225.jpg 300w\" sizes=\"(max-width: 540px) 85vw, 540px\" \/><\/a><figcaption id=\"caption-attachment-11907\" class=\"wp-caption-text\">Lukas setter pris p\u00e5 ny hagesofa han ogs\u00e5<\/figcaption><\/figure>\n<p>&nbsp;<\/p>\n","protected":false},"excerpt":{"rendered":"<p>Vi har levd nesten som nomader en del dager denne siste ferieuken v\u00e5r; en tur hjem fra hytta, deretter en svipptur innom Stugudal og Ohajo sammen med farmor &#8211; inkludert en ekstra harrytur til Fun\u00e4sdalen og Sverige. Turen fortsatte med pitstop i heimen, f\u00f8r vi tok kveldsekspressen (egen bil med Olav ved rattet) til Solfang &hellip; <a href=\"http:\/\/grete.duna.no\/blog\/2012\/08\/01\/nord-og-sor-og-ost-og-vest\/\" class=\"more-link\">Continue reading<span class=\"screen-reader-text\"> &#8220;Nord og s\u00f8r og \u00f8st og vest&#8221;<\/span><\/a><\/p>\n","protected":false},"author":2,"featured_media":0,"comment_status":"open","ping_status":"open","sticky":false,"template":"","format":"standard","meta":[],"categories":[9,11,43,39,6],"tags":[53,71,46,80,67,13,22],"_links":{"self":[{"href":"http:\/\/grete.duna.no\/blog\/wp-json\/wp\/v2\/posts\/11886"}],"collection":[{"href":"http:\/\/grete.duna.no\/blog\/wp-json\/wp\/v2\/posts"}],"about":[{"href":"http:\/\/grete.duna.no\/blog\/wp-json\/wp\/v2\/types\/post"}],"author":[{"embeddable":true,"href":"http:\/\/grete.duna.no\/blog\/wp-json\/wp\/v2\/users\/2"}],"replies":[{"embeddable":true,"href":"http:\/\/grete.duna.no\/blog\/wp-json\/wp\/v2\/comments?post=11886"}],"version-history":[{"count":6,"href":"http:\/\/grete.duna.no\/blog\/wp-json\/wp\/v2\/posts\/11886\/revisions"}],"predecessor-version":[{"id":11911,"href":"http:\/\/grete.duna.no\/blog\/wp-json\/wp\/v2\/posts\/11886\/revisions\/11911"}],"wp:attachment":[{"href":"http:\/\/grete.duna.no\/blog\/wp-json\/wp\/v2\/media?parent=11886"}],"wp:term":[{"taxonomy":"category","embeddable":true,"href":"http:\/\/grete.duna.no\/blog\/wp-json\/wp\/v2\/categories?post=11886"},{"taxonomy":"post_tag","embeddable":true,"href":"http:\/\/grete.duna.no\/blog\/wp-json\/wp\/v2\/tags?post=11886"}],"curies":[{"name":"wp","href":"https:\/\/api.w.org\/{rel}","templated":true}]}}