{"id":14798,"date":"2013-08-20T18:42:18","date_gmt":"2013-08-20T16:42:18","guid":{"rendered":"http:\/\/grete.duna.no\/blog\/?p=14798"},"modified":"2017-05-23T12:43:56","modified_gmt":"2017-05-23T10:43:56","slug":"ikke-riktig-enna","status":"publish","type":"post","link":"http:\/\/grete.duna.no\/blog\/2013\/08\/20\/ikke-riktig-enna\/","title":{"rendered":"Ikke riktig enn\u00e5"},"content":{"rendered":"<p>.. er det h\u00f8st, vel. Selv om skolen har startet og selv om sommervarmen ser ut til \u00e5 ha forlatt oss, s\u00e5 klamrer jeg meg til at august er en sommerm\u00e5ned. Kornet er ikke gult enn\u00e5, og dermed er det ikke h\u00f8st. Riktig enn\u00e5.<\/p>\n<figure id=\"attachment_14800\" aria-describedby=\"caption-attachment-14800\" style=\"width: 540px\" class=\"wp-caption aligncenter\"><a href=\"http:\/\/grete.duna.no\/blog\/wp-content\/uploads\/2013\/08\/hosten-kommer1.jpg\"><img decoding=\"async\" loading=\"lazy\" class=\" wp-image-14800\" style=\"border: 1px solid black; margin-top: 1px; margin-bottom: 1px;\" alt=\"hosten-kommer\" src=\"http:\/\/grete.duna.no\/blog\/wp-content\/uploads\/2013\/08\/hosten-kommer1.jpg\" width=\"540\" height=\"959\" srcset=\"http:\/\/grete.duna.no\/blog\/wp-content\/uploads\/2013\/08\/hosten-kommer1.jpg 600w, http:\/\/grete.duna.no\/blog\/wp-content\/uploads\/2013\/08\/hosten-kommer1-576x1024.jpg 576w\" sizes=\"(max-width: 540px) 85vw, 540px\" \/><\/a><figcaption id=\"caption-attachment-14800\" class=\"wp-caption-text\">Blygr\u00e5 himmel, v\u00e5tt p\u00e5 bakken. Men gr\u00f8nt korn!<\/figcaption><\/figure>\n<p>V\u00e6rmeldingen sier <em>sommertemperaturer<\/em> til helgen. Det tror jeg mer enn gjerne p\u00e5 \ud83d\ude42<\/p>\n","protected":false},"excerpt":{"rendered":"<p>.. er det h\u00f8st, vel. Selv om skolen har startet og selv om sommervarmen ser ut til \u00e5 ha forlatt oss, s\u00e5 klamrer jeg meg til at august er en sommerm\u00e5ned. Kornet er ikke gult enn\u00e5, og dermed er det ikke h\u00f8st. Riktig enn\u00e5. V\u00e6rmeldingen sier sommertemperaturer til helgen. Det tror jeg mer enn gjerne &hellip; <a href=\"http:\/\/grete.duna.no\/blog\/2013\/08\/20\/ikke-riktig-enna\/\" class=\"more-link\">Continue reading<span class=\"screen-reader-text\"> &#8220;Ikke riktig enn\u00e5&#8221;<\/span><\/a><\/p>\n","protected":false},"author":2,"featured_media":0,"comment_status":"open","ping_status":"open","sticky":false,"template":"","format":"standard","meta":[],"categories":[43],"tags":[34,23,131,47],"_links":{"self":[{"href":"http:\/\/grete.duna.no\/blog\/wp-json\/wp\/v2\/posts\/14798"}],"collection":[{"href":"http:\/\/grete.duna.no\/blog\/wp-json\/wp\/v2\/posts"}],"about":[{"href":"http:\/\/grete.duna.no\/blog\/wp-json\/wp\/v2\/types\/post"}],"author":[{"embeddable":true,"href":"http:\/\/grete.duna.no\/blog\/wp-json\/wp\/v2\/users\/2"}],"replies":[{"embeddable":true,"href":"http:\/\/grete.duna.no\/blog\/wp-json\/wp\/v2\/comments?post=14798"}],"version-history":[{"count":3,"href":"http:\/\/grete.duna.no\/blog\/wp-json\/wp\/v2\/posts\/14798\/revisions"}],"predecessor-version":[{"id":14803,"href":"http:\/\/grete.duna.no\/blog\/wp-json\/wp\/v2\/posts\/14798\/revisions\/14803"}],"wp:attachment":[{"href":"http:\/\/grete.duna.no\/blog\/wp-json\/wp\/v2\/media?parent=14798"}],"wp:term":[{"taxonomy":"category","embeddable":true,"href":"http:\/\/grete.duna.no\/blog\/wp-json\/wp\/v2\/categories?post=14798"},{"taxonomy":"post_tag","embeddable":true,"href":"http:\/\/grete.duna.no\/blog\/wp-json\/wp\/v2\/tags?post=14798"}],"curies":[{"name":"wp","href":"https:\/\/api.w.org\/{rel}","templated":true}]}}