{"id":14889,"date":"2013-08-29T16:59:16","date_gmt":"2013-08-29T14:59:16","guid":{"rendered":"http:\/\/grete.duna.no\/blog\/?p=14889"},"modified":"2014-03-12T13:01:46","modified_gmt":"2014-03-12T12:01:46","slug":"blomsteronsker","status":"publish","type":"post","link":"http:\/\/grete.duna.no\/blog\/2013\/08\/29\/blomsteronsker\/","title":{"rendered":"Blomster\u00f8nsker"},"content":{"rendered":"<p>Det er et par blomster og planter jeg gjerne skulle hatt mye av i hagen, b\u00e5de hjemme og p\u00e5 hytta. Jeg vet jo at solsikker er forholdsvis enkelt \u00e5 f\u00e5 til, men jeg skulle gjerne hatt litt kortvokste solsikker og i en s\u00e5nn mengde at jeg kan klippe buketter og ta med inn i vaser. Da trenger jeg jo ikke disse konkurranse-h\u00f8ye blomstene p\u00e5 tre-fire-fem meter, liksom. Jeg f\u00e5r vel lete opp fr\u00f8 til dverg-solsikker og finne en egnet krok til min lille \u00e5ker.<\/p>\n<figure id=\"attachment_14890\" aria-describedby=\"caption-attachment-14890\" style=\"width: 540px\" class=\"wp-caption aligncenter\"><a href=\"http:\/\/grete.duna.no\/blog\/wp-content\/uploads\/2013\/08\/solsikker.jpg\"><img decoding=\"async\" loading=\"lazy\" class=\" wp-image-14890\" style=\"border: 1px solid black; margin-top: 1px; margin-bottom: 1px;\" alt=\"solsikker\" src=\"http:\/\/grete.duna.no\/blog\/wp-content\/uploads\/2013\/08\/solsikker.jpg\" width=\"540\" height=\"338\" srcset=\"http:\/\/grete.duna.no\/blog\/wp-content\/uploads\/2013\/08\/solsikker.jpg 600w, http:\/\/grete.duna.no\/blog\/wp-content\/uploads\/2013\/08\/solsikker-300x187.jpg 300w\" sizes=\"(max-width: 540px) 85vw, 540px\" \/><\/a><figcaption id=\"caption-attachment-14890\" class=\"wp-caption-text\">En frodig \u00e5ker med solsikker som kan glede ogs\u00e5 innend\u00f8rs<\/figcaption><\/figure>\n<p>Og s\u00e5 \u00f8nsker jeg meg lyngplanter. N\u00e6rmere bestemt helt ordin\u00e6r r\u00f8sslyng. Jeg har uten hell pr\u00f8vd flere ganger \u00e5 ta med r\u00f8tter fra skogen, men de er s\u00e5 innmarie disse r\u00f8ttene, lange og krokete og innviklete, og de liker slett ikke \u00e5 bli revet over. Dermed m\u00e5 jeg fors\u00f8ke \u00e5 plante dem der jeg vil ha dem, tenker jeg. Oppskriften er trolig <em>t\u00e5lmodighet<\/em> &#8230;<\/p>\n<figure id=\"attachment_14891\" aria-describedby=\"caption-attachment-14891\" style=\"width: 540px\" class=\"wp-caption aligncenter\"><a href=\"http:\/\/grete.duna.no\/blog\/wp-content\/uploads\/2013\/08\/rosslyng.jpg\"><img decoding=\"async\" loading=\"lazy\" class=\"size-full wp-image-14891\" style=\"border: 1px solid black; margin-top: 1px; margin-bottom: 1px;\" alt=\"rosslyng\" src=\"http:\/\/grete.duna.no\/blog\/wp-content\/uploads\/2013\/08\/rosslyng.jpg\" width=\"540\" height=\"392\" srcset=\"http:\/\/grete.duna.no\/blog\/wp-content\/uploads\/2013\/08\/rosslyng.jpg 540w, http:\/\/grete.duna.no\/blog\/wp-content\/uploads\/2013\/08\/rosslyng-300x217.jpg 300w\" sizes=\"(max-width: 540px) 85vw, 540px\" \/><\/a><figcaption id=\"caption-attachment-14891\" class=\"wp-caption-text\">Vakker r\u00f8sslyng som jeg gjerne vil ha i store klynger<\/figcaption><\/figure>\n<p>Gode r\u00e5d om planting og dyrking av disse &#8211; og andre vakre planter &#8211; tas i mot med stor takk!<\/p>\n<p style=\"text-align: center;\">\n","protected":false},"excerpt":{"rendered":"<p>Det er et par blomster og planter jeg gjerne skulle hatt mye av i hagen, b\u00e5de hjemme og p\u00e5 hytta. Jeg vet jo at solsikker er forholdsvis enkelt \u00e5 f\u00e5 til, men jeg skulle gjerne hatt litt kortvokste solsikker og i en s\u00e5nn mengde at jeg kan klippe buketter og ta med inn i vaser. &hellip; <a href=\"http:\/\/grete.duna.no\/blog\/2013\/08\/29\/blomsteronsker\/\" class=\"more-link\">Continue reading<span class=\"screen-reader-text\"> &#8220;Blomster\u00f8nsker&#8221;<\/span><\/a><\/p>\n","protected":false},"author":2,"featured_media":0,"comment_status":"open","ping_status":"open","sticky":false,"template":"","format":"standard","meta":[],"categories":[43,6],"tags":[192,26,13,131],"_links":{"self":[{"href":"http:\/\/grete.duna.no\/blog\/wp-json\/wp\/v2\/posts\/14889"}],"collection":[{"href":"http:\/\/grete.duna.no\/blog\/wp-json\/wp\/v2\/posts"}],"about":[{"href":"http:\/\/grete.duna.no\/blog\/wp-json\/wp\/v2\/types\/post"}],"author":[{"embeddable":true,"href":"http:\/\/grete.duna.no\/blog\/wp-json\/wp\/v2\/users\/2"}],"replies":[{"embeddable":true,"href":"http:\/\/grete.duna.no\/blog\/wp-json\/wp\/v2\/comments?post=14889"}],"version-history":[{"count":2,"href":"http:\/\/grete.duna.no\/blog\/wp-json\/wp\/v2\/posts\/14889\/revisions"}],"predecessor-version":[{"id":14893,"href":"http:\/\/grete.duna.no\/blog\/wp-json\/wp\/v2\/posts\/14889\/revisions\/14893"}],"wp:attachment":[{"href":"http:\/\/grete.duna.no\/blog\/wp-json\/wp\/v2\/media?parent=14889"}],"wp:term":[{"taxonomy":"category","embeddable":true,"href":"http:\/\/grete.duna.no\/blog\/wp-json\/wp\/v2\/categories?post=14889"},{"taxonomy":"post_tag","embeddable":true,"href":"http:\/\/grete.duna.no\/blog\/wp-json\/wp\/v2\/tags?post=14889"}],"curies":[{"name":"wp","href":"https:\/\/api.w.org\/{rel}","templated":true}]}}