{"id":15164,"date":"2013-10-29T00:04:25","date_gmt":"2013-10-28T23:04:25","guid":{"rendered":"http:\/\/grete.duna.no\/blog\/?p=15164"},"modified":"2013-10-28T18:27:54","modified_gmt":"2013-10-28T17:27:54","slug":"solvbursdag","status":"publish","type":"post","link":"http:\/\/grete.duna.no\/blog\/2013\/10\/29\/solvbursdag\/","title":{"rendered":"S\u00f8lvbursdag"},"content":{"rendered":"<p>Fredrik fyller 25 \u00e5r i dag, det er bare helt utrolig at det har g\u00e5tt s\u00e5 mange \u00e5r siden den vesle klumpen dukket opp i livet mitt. Gratulerer s\u00e5 masse med dagen, <em>Tarzan<\/em>-min!<\/p>\n<figure id=\"attachment_15186\" aria-describedby=\"caption-attachment-15186\" style=\"width: 540px\" class=\"wp-caption aligncenter\"><a href=\"http:\/\/grete.duna.no\/blog\/wp-content\/uploads\/2013\/10\/sondre-fredrik-tobias.jpg\"><img decoding=\"async\" loading=\"lazy\" class=\" wp-image-15186\" style=\"border: 1px solid black; margin-top: 1px; margin-bottom: 1px;\" alt=\"sondre-fredrik-tobias\" src=\"http:\/\/grete.duna.no\/blog\/wp-content\/uploads\/2013\/10\/sondre-fredrik-tobias.jpg\" width=\"540\" height=\"314\" srcset=\"http:\/\/grete.duna.no\/blog\/wp-content\/uploads\/2013\/10\/sondre-fredrik-tobias.jpg 600w, http:\/\/grete.duna.no\/blog\/wp-content\/uploads\/2013\/10\/sondre-fredrik-tobias-300x174.jpg 300w\" sizes=\"(max-width: 540px) 85vw, 540px\" \/><\/a><figcaption id=\"caption-attachment-15186\" class=\"wp-caption-text\">Fredrik flankert av sine sm\u00e5br\u00f8dre for mange-mange \u00e5r siden<\/figcaption><\/figure>\n<figure id=\"attachment_15205\" aria-describedby=\"caption-attachment-15205\" style=\"width: 540px\" class=\"wp-caption aligncenter\"><a href=\"http:\/\/grete.duna.no\/blog\/wp-content\/uploads\/2013\/10\/christian-og-fredrik.jpg\"><img decoding=\"async\" loading=\"lazy\" class=\" wp-image-15205\" style=\"border: 1px solid black; margin-top: 1px; margin-bottom: 1px;\" alt=\"christian-og-fredrik\" src=\"http:\/\/grete.duna.no\/blog\/wp-content\/uploads\/2013\/10\/christian-og-fredrik.jpg\" width=\"540\" height=\"417\" srcset=\"http:\/\/grete.duna.no\/blog\/wp-content\/uploads\/2013\/10\/christian-og-fredrik.jpg 600w, http:\/\/grete.duna.no\/blog\/wp-content\/uploads\/2013\/10\/christian-og-fredrik-300x231.jpg 300w\" sizes=\"(max-width: 540px) 85vw, 540px\" \/><\/a><figcaption id=\"caption-attachment-15205\" class=\"wp-caption-text\">To glade kompiser p\u00e5 Fredrik sin to-\u00e5rsdag<\/figcaption><\/figure>\n<p>Gratulerer ogs\u00e5 til Christian som fylte 26 i g\u00e5r, det er to staute karer n\u00e5, som den gang da &#8230;<\/p>\n<p style=\"text-align: center;\">\n","protected":false},"excerpt":{"rendered":"<p>Fredrik fyller 25 \u00e5r i dag, det er bare helt utrolig at det har g\u00e5tt s\u00e5 mange \u00e5r siden den vesle klumpen dukket opp i livet mitt. Gratulerer s\u00e5 masse med dagen, Tarzan-min! Gratulerer ogs\u00e5 til Christian som fylte 26 i g\u00e5r, det er to staute karer n\u00e5, som den gang da &#8230;<\/p>\n","protected":false},"author":2,"featured_media":0,"comment_status":"open","ping_status":"open","sticky":false,"template":"","format":"standard","meta":[],"categories":[9,11],"tags":[24,42,188,21,22],"_links":{"self":[{"href":"http:\/\/grete.duna.no\/blog\/wp-json\/wp\/v2\/posts\/15164"}],"collection":[{"href":"http:\/\/grete.duna.no\/blog\/wp-json\/wp\/v2\/posts"}],"about":[{"href":"http:\/\/grete.duna.no\/blog\/wp-json\/wp\/v2\/types\/post"}],"author":[{"embeddable":true,"href":"http:\/\/grete.duna.no\/blog\/wp-json\/wp\/v2\/users\/2"}],"replies":[{"embeddable":true,"href":"http:\/\/grete.duna.no\/blog\/wp-json\/wp\/v2\/comments?post=15164"}],"version-history":[{"count":5,"href":"http:\/\/grete.duna.no\/blog\/wp-json\/wp\/v2\/posts\/15164\/revisions"}],"predecessor-version":[{"id":15206,"href":"http:\/\/grete.duna.no\/blog\/wp-json\/wp\/v2\/posts\/15164\/revisions\/15206"}],"wp:attachment":[{"href":"http:\/\/grete.duna.no\/blog\/wp-json\/wp\/v2\/media?parent=15164"}],"wp:term":[{"taxonomy":"category","embeddable":true,"href":"http:\/\/grete.duna.no\/blog\/wp-json\/wp\/v2\/categories?post=15164"},{"taxonomy":"post_tag","embeddable":true,"href":"http:\/\/grete.duna.no\/blog\/wp-json\/wp\/v2\/tags?post=15164"}],"curies":[{"name":"wp","href":"https:\/\/api.w.org\/{rel}","templated":true}]}}