{"id":15548,"date":"2014-02-06T17:13:51","date_gmt":"2014-02-06T16:13:51","guid":{"rendered":"http:\/\/grete.duna.no\/blog\/?p=15548"},"modified":"2017-05-23T12:33:32","modified_gmt":"2017-05-23T10:33:32","slug":"topptur-pa-nye-stier","status":"publish","type":"post","link":"http:\/\/grete.duna.no\/blog\/2014\/02\/06\/topptur-pa-nye-stier\/","title":{"rendered":"Topptur p\u00e5 nye stier"},"content":{"rendered":"<p>Lukas og jeg har funnet enda flere turstier i skogen. Det vil si; noen har helt sikkert funnet dem f\u00f8r oss, men likevel er det nye opplevelser for oss. Det er s\u00e5 herlig \u00e5 g\u00e5 i skogen n\u00e5, ikke antydning til sn\u00f8 &#8211; hvem skulle tro det var februar, liksom. Vi har klart \u00e5 bruke en time mens det enn\u00e5 er dagslys hele denne uka, og i tiden fremover blir jo lyset enda enklere \u00e5 f\u00e5 med seg.<\/p>\n<figure id=\"attachment_15552\" aria-describedby=\"caption-attachment-15552\" style=\"width: 540px\" class=\"wp-caption aligncenter\"><a href=\"http:\/\/grete.duna.no\/blog\/wp-content\/uploads\/2014\/02\/lukas-eventyrskogen-februar.jpg\"><img decoding=\"async\" loading=\"lazy\" class=\" wp-image-15552\" style=\"border: 1px solid black; margin-top: 1px; margin-bottom: 1px;\" src=\"http:\/\/grete.duna.no\/blog\/wp-content\/uploads\/2014\/02\/lukas-eventyrskogen-februar.jpg\" alt=\"lukas-eventyrskogen-februar\" width=\"540\" height=\"354\" srcset=\"http:\/\/grete.duna.no\/blog\/wp-content\/uploads\/2014\/02\/lukas-eventyrskogen-februar.jpg 600w, http:\/\/grete.duna.no\/blog\/wp-content\/uploads\/2014\/02\/lukas-eventyrskogen-februar-300x196.jpg 300w, http:\/\/grete.duna.no\/blog\/wp-content\/uploads\/2014\/02\/lukas-eventyrskogen-februar-120x80.jpg 120w\" sizes=\"(max-width: 540px) 85vw, 540px\" \/><\/a><figcaption id=\"caption-attachment-15552\" class=\"wp-caption-text\">Mange trefall etter f\u00f8rjulsvinterens stormer \u2013 men nesten v\u00e5rstemning!<\/figcaption><\/figure>\n<figure id=\"attachment_15553\" aria-describedby=\"caption-attachment-15553\" style=\"width: 540px\" class=\"wp-caption aligncenter\"><a href=\"http:\/\/grete.duna.no\/blog\/wp-content\/uploads\/2014\/02\/lukas-og-meg-selfie.jpg\"><img decoding=\"async\" loading=\"lazy\" class=\" wp-image-15553\" style=\"border: 1px solid black; margin-top: 1px; margin-bottom: 1px;\" src=\"http:\/\/grete.duna.no\/blog\/wp-content\/uploads\/2014\/02\/lukas-og-meg-selfie.jpg\" alt=\"lukas-og-meg-selfie\" width=\"540\" height=\"304\" srcset=\"http:\/\/grete.duna.no\/blog\/wp-content\/uploads\/2014\/02\/lukas-og-meg-selfie.jpg 600w, http:\/\/grete.duna.no\/blog\/wp-content\/uploads\/2014\/02\/lukas-og-meg-selfie-300x169.jpg 300w\" sizes=\"(max-width: 540px) 85vw, 540px\" \/><\/a><figcaption id=\"caption-attachment-15553\" class=\"wp-caption-text\">Obligatorisk selfie p\u00e5 toppen, er vi ikke fine vel!<\/figcaption><\/figure>\n","protected":false},"excerpt":{"rendered":"<p>Lukas og jeg har funnet enda flere turstier i skogen. Det vil si; noen har helt sikkert funnet dem f\u00f8r oss, men likevel er det nye opplevelser for oss. Det er s\u00e5 herlig \u00e5 g\u00e5 i skogen n\u00e5, ikke antydning til sn\u00f8 &#8211; hvem skulle tro det var februar, liksom. Vi har klart \u00e5 bruke &hellip; <a href=\"http:\/\/grete.duna.no\/blog\/2014\/02\/06\/topptur-pa-nye-stier\/\" class=\"more-link\">Continue reading<span class=\"screen-reader-text\"> &#8220;Topptur p\u00e5 nye stier&#8221;<\/span><\/a><\/p>\n","protected":false},"author":2,"featured_media":0,"comment_status":"open","ping_status":"open","sticky":false,"template":"","format":"standard","meta":[],"categories":[11,43,39],"tags":[46,226,131,125,120,37],"_links":{"self":[{"href":"http:\/\/grete.duna.no\/blog\/wp-json\/wp\/v2\/posts\/15548"}],"collection":[{"href":"http:\/\/grete.duna.no\/blog\/wp-json\/wp\/v2\/posts"}],"about":[{"href":"http:\/\/grete.duna.no\/blog\/wp-json\/wp\/v2\/types\/post"}],"author":[{"embeddable":true,"href":"http:\/\/grete.duna.no\/blog\/wp-json\/wp\/v2\/users\/2"}],"replies":[{"embeddable":true,"href":"http:\/\/grete.duna.no\/blog\/wp-json\/wp\/v2\/comments?post=15548"}],"version-history":[{"count":4,"href":"http:\/\/grete.duna.no\/blog\/wp-json\/wp\/v2\/posts\/15548\/revisions"}],"predecessor-version":[{"id":19624,"href":"http:\/\/grete.duna.no\/blog\/wp-json\/wp\/v2\/posts\/15548\/revisions\/19624"}],"wp:attachment":[{"href":"http:\/\/grete.duna.no\/blog\/wp-json\/wp\/v2\/media?parent=15548"}],"wp:term":[{"taxonomy":"category","embeddable":true,"href":"http:\/\/grete.duna.no\/blog\/wp-json\/wp\/v2\/categories?post=15548"},{"taxonomy":"post_tag","embeddable":true,"href":"http:\/\/grete.duna.no\/blog\/wp-json\/wp\/v2\/tags?post=15548"}],"curies":[{"name":"wp","href":"https:\/\/api.w.org\/{rel}","templated":true}]}}