{"id":15661,"date":"2014-02-28T00:53:17","date_gmt":"2014-02-27T23:53:17","guid":{"rendered":"http:\/\/grete.duna.no\/blog\/?p=15661"},"modified":"2014-04-09T14:43:59","modified_gmt":"2014-04-09T12:43:59","slug":"strikkekunst","status":"publish","type":"post","link":"http:\/\/grete.duna.no\/blog\/2014\/02\/28\/strikkekunst\/","title":{"rendered":"Strikkekunst"},"content":{"rendered":"<p>Noen favoritting m\u00e5 man ha, ikke sant? Den kroniske strikkedillaen min viser ingen tegn til \u00e5 avta, og alle omkringliggende omr\u00e5der i livet har en tendens til \u00e5 <em>touche<\/em> inn p\u00e5 ting som har med strikking \u00e5 gj\u00f8re. For et \u00e5rs tid siden hadde jeg for eksempel dilla p\u00e5 \u00f8repynt. Litt strikkepynt ble det, og jeg laget blant annet disse selv:<\/p>\n<figure id=\"attachment_15663\" aria-describedby=\"caption-attachment-15663\" style=\"width: 540px\" class=\"wp-caption aligncenter\"><a href=\"http:\/\/grete.duna.no\/blog\/wp-content\/uploads\/2014\/02\/rod-orepynt.jpg\"><img decoding=\"async\" loading=\"lazy\" class=\" wp-image-15663\" style=\"border: 1px solid black; margin-top: 1px; margin-bottom: 1px;\" alt=\"rod-orepynt\" src=\"http:\/\/grete.duna.no\/blog\/wp-content\/uploads\/2014\/02\/rod-orepynt.jpg\" width=\"540\" height=\"398\" srcset=\"http:\/\/grete.duna.no\/blog\/wp-content\/uploads\/2014\/02\/rod-orepynt.jpg 600w, http:\/\/grete.duna.no\/blog\/wp-content\/uploads\/2014\/02\/rod-orepynt-300x221.jpg 300w\" sizes=\"(max-width: 540px) 85vw, 540px\" \/><\/a><figcaption id=\"caption-attachment-15663\" class=\"wp-caption-text\">Favoritt\u00f8repynt som brukes ofte og blir lagt merke til<\/figcaption><\/figure>\n<p>Og s\u00e5 har jeg en <a href=\"http:\/\/ildustanker.blogspot.com\/\">fantastisk flink malende s\u00f8ster<\/a>. Hun har laget dette nydelige bildet til meg, som skal i glass og ramme p\u00e5 stua:<\/p>\n<figure id=\"attachment_15664\" aria-describedby=\"caption-attachment-15664\" style=\"width: 540px\" class=\"wp-caption aligncenter\"><a href=\"http:\/\/grete.duna.no\/blog\/wp-content\/uploads\/2014\/02\/strikke-akvarell.jpg\"><img decoding=\"async\" loading=\"lazy\" class=\" wp-image-15664\" style=\"border: 1px solid black; margin-top: 1px; margin-bottom: 1px;\" alt=\"strikke-akvarell\" src=\"http:\/\/grete.duna.no\/blog\/wp-content\/uploads\/2014\/02\/strikke-akvarell.jpg\" width=\"540\" height=\"706\" srcset=\"http:\/\/grete.duna.no\/blog\/wp-content\/uploads\/2014\/02\/strikke-akvarell.jpg 600w, http:\/\/grete.duna.no\/blog\/wp-content\/uploads\/2014\/02\/strikke-akvarell-229x300.jpg 229w\" sizes=\"(max-width: 540px) 85vw, 540px\" \/><\/a><figcaption id=\"caption-attachment-15664\" class=\"wp-caption-text\">Nydelig akvarell med artig motiv som passer godt hos meg<\/figcaption><\/figure>\n<p>For de som har v\u00e6rt innom her tidligere kan jeg jo minne om Ida sitt fantastiske bilde av <a href=\"http:\/\/grete.duna.no\/blog\/2014\/02\/25\/stor-kunst\/\">bestemor som strikker<\/a>, mens jeg ogs\u00e5 viser frem en annen favoritt:<\/p>\n<figure id=\"attachment_15666\" aria-describedby=\"caption-attachment-15666\" style=\"width: 540px\" class=\"wp-caption aligncenter\"><a href=\"http:\/\/grete.duna.no\/blog\/wp-content\/uploads\/2014\/02\/knitting-grandma.jpg\"><img decoding=\"async\" loading=\"lazy\" class=\" wp-image-15666\" style=\"border: 1px solid black; margin-top: 1px; margin-bottom: 1px;\" alt=\"knitting-grandma\" src=\"http:\/\/grete.duna.no\/blog\/wp-content\/uploads\/2014\/02\/knitting-grandma.jpg\" width=\"540\" height=\"336\" srcset=\"http:\/\/grete.duna.no\/blog\/wp-content\/uploads\/2014\/02\/knitting-grandma.jpg 600w, http:\/\/grete.duna.no\/blog\/wp-content\/uploads\/2014\/02\/knitting-grandma-300x186.jpg 300w\" sizes=\"(max-width: 540px) 85vw, 540px\" \/><\/a><figcaption id=\"caption-attachment-15666\" class=\"wp-caption-text\">S\u00e5nn kan det g\u00e5 for eksempel n\u00e5r ungdommene serverer nudler &#8230;<\/figcaption><\/figure>\n","protected":false},"excerpt":{"rendered":"<p>Noen favoritting m\u00e5 man ha, ikke sant? Den kroniske strikkedillaen min viser ingen tegn til \u00e5 avta, og alle omkringliggende omr\u00e5der i livet har en tendens til \u00e5 touche inn p\u00e5 ting som har med strikking \u00e5 gj\u00f8re. For et \u00e5rs tid siden hadde jeg for eksempel dilla p\u00e5 \u00f8repynt. Litt strikkepynt ble det, og &hellip; <a href=\"http:\/\/grete.duna.no\/blog\/2014\/02\/28\/strikkekunst\/\" class=\"more-link\">Continue reading<span class=\"screen-reader-text\"> &#8220;Strikkekunst&#8221;<\/span><\/a><\/p>\n","protected":false},"author":2,"featured_media":0,"comment_status":"open","ping_status":"open","sticky":false,"template":"","format":"standard","meta":[],"categories":[9,11,43,195],"tags":[191,197,77,112,178,44],"_links":{"self":[{"href":"http:\/\/grete.duna.no\/blog\/wp-json\/wp\/v2\/posts\/15661"}],"collection":[{"href":"http:\/\/grete.duna.no\/blog\/wp-json\/wp\/v2\/posts"}],"about":[{"href":"http:\/\/grete.duna.no\/blog\/wp-json\/wp\/v2\/types\/post"}],"author":[{"embeddable":true,"href":"http:\/\/grete.duna.no\/blog\/wp-json\/wp\/v2\/users\/2"}],"replies":[{"embeddable":true,"href":"http:\/\/grete.duna.no\/blog\/wp-json\/wp\/v2\/comments?post=15661"}],"version-history":[{"count":6,"href":"http:\/\/grete.duna.no\/blog\/wp-json\/wp\/v2\/posts\/15661\/revisions"}],"predecessor-version":[{"id":15942,"href":"http:\/\/grete.duna.no\/blog\/wp-json\/wp\/v2\/posts\/15661\/revisions\/15942"}],"wp:attachment":[{"href":"http:\/\/grete.duna.no\/blog\/wp-json\/wp\/v2\/media?parent=15661"}],"wp:term":[{"taxonomy":"category","embeddable":true,"href":"http:\/\/grete.duna.no\/blog\/wp-json\/wp\/v2\/categories?post=15661"},{"taxonomy":"post_tag","embeddable":true,"href":"http:\/\/grete.duna.no\/blog\/wp-json\/wp\/v2\/tags?post=15661"}],"curies":[{"name":"wp","href":"https:\/\/api.w.org\/{rel}","templated":true}]}}