{"id":15722,"date":"2014-03-02T21:23:04","date_gmt":"2014-03-02T20:23:04","guid":{"rendered":"http:\/\/grete.duna.no\/blog\/?p=15722"},"modified":"2016-06-20T12:32:35","modified_gmt":"2016-06-20T10:32:35","slug":"er-det-hap-na","status":"publish","type":"post","link":"http:\/\/grete.duna.no\/blog\/2014\/03\/02\/er-det-hap-na\/","title":{"rendered":"Er det h\u00e5p n\u00e5 &#8230;?"},"content":{"rendered":"<p>Endelig har muttern festa den siste tr\u00e5den, dampa produktet, pr\u00f8vd genseren p\u00e5 og blitt fotografert av fattern &#8211; da m\u00e5 det vel v\u00e6re min tur til <em>full attention<\/em>?\u00a0 Lukas ser ut til \u00e5 syns det er p\u00e5 tide med litt konsentrert oppmerksomhet n\u00e5!<\/p>\n<figure id=\"attachment_15723\" aria-describedby=\"caption-attachment-15723\" style=\"width: 540px\" class=\"wp-caption aligncenter\"><a href=\"http:\/\/grete.duna.no\/blog\/wp-content\/uploads\/2014\/03\/nancy-og-lukas.jpg\"><img decoding=\"async\" loading=\"lazy\" class=\" wp-image-15723\" style=\"border: 1px solid black; margin-top: 1px; margin-bottom: 1px;\" alt=\"nancy-og-lukas\" src=\"http:\/\/grete.duna.no\/blog\/wp-content\/uploads\/2014\/03\/nancy-og-lukas.jpg\" width=\"540\" height=\"410\" srcset=\"http:\/\/grete.duna.no\/blog\/wp-content\/uploads\/2014\/03\/nancy-og-lukas.jpg 600w, http:\/\/grete.duna.no\/blog\/wp-content\/uploads\/2014\/03\/nancy-og-lukas-300x227.jpg 300w, http:\/\/grete.duna.no\/blog\/wp-content\/uploads\/2014\/03\/nancy-og-lukas-140x105.jpg 140w\" sizes=\"(max-width: 540px) 85vw, 540px\" \/><\/a><figcaption id=\"caption-attachment-15723\" class=\"wp-caption-text\">Du mamma, kan vi g\u00e5 ut og snuse p\u00e5 gresset n\u00e5?<\/figcaption><\/figure>\n<p>Det er utrolig mye godlukt ute, synes Lukas. N\u00e5r den kule sn\u00f8en uteblir, s\u00e5 vet han \u00e5 utnytte gr\u00f8ftekanter og nakne \u00e5kre p\u00e5 sine vandringer.<\/p>\n<p>Jeg er i alle fall storforn\u00f8yd med \u00e5 ha fullf\u00f8rt <a href=\"http:\/\/grete.duna.no\/blog\/2014\/01\/22\/nancy-selvsagt\/\">nancygenseren<\/a> i egen fargekomposisjon, etter alle avbrytelsene med guttenes nordlandskofter og mesterskapstrikk av bukse under OL. N\u00e5 venter nye modellstrikkeoppdrag for Du Store Alpakka og s\u00e5 m\u00e5 jeg spekulere ut noe til meg selv til v\u00e5rens store strikketreff i Oslo siste helg i mars!<\/p>\n","protected":false},"excerpt":{"rendered":"<p>Endelig har muttern festa den siste tr\u00e5den, dampa produktet, pr\u00f8vd genseren p\u00e5 og blitt fotografert av fattern &#8211; da m\u00e5 det vel v\u00e6re min tur til full attention?\u00a0 Lukas ser ut til \u00e5 syns det er p\u00e5 tide med litt konsentrert oppmerksomhet n\u00e5! Det er utrolig mye godlukt ute, synes Lukas. N\u00e5r den kule sn\u00f8en &hellip; <a href=\"http:\/\/grete.duna.no\/blog\/2014\/03\/02\/er-det-hap-na\/\" class=\"more-link\">Continue reading<span class=\"screen-reader-text\"> &#8220;Er det h\u00e5p n\u00e5 &#8230;?&#8221;<\/span><\/a><\/p>\n","protected":false},"author":2,"featured_media":0,"comment_status":"open","ping_status":"open","sticky":false,"template":"","format":"standard","meta":[],"categories":[11,43,195,39],"tags":[196,197,236,46,44,120],"_links":{"self":[{"href":"http:\/\/grete.duna.no\/blog\/wp-json\/wp\/v2\/posts\/15722"}],"collection":[{"href":"http:\/\/grete.duna.no\/blog\/wp-json\/wp\/v2\/posts"}],"about":[{"href":"http:\/\/grete.duna.no\/blog\/wp-json\/wp\/v2\/types\/post"}],"author":[{"embeddable":true,"href":"http:\/\/grete.duna.no\/blog\/wp-json\/wp\/v2\/users\/2"}],"replies":[{"embeddable":true,"href":"http:\/\/grete.duna.no\/blog\/wp-json\/wp\/v2\/comments?post=15722"}],"version-history":[{"count":3,"href":"http:\/\/grete.duna.no\/blog\/wp-json\/wp\/v2\/posts\/15722\/revisions"}],"predecessor-version":[{"id":15729,"href":"http:\/\/grete.duna.no\/blog\/wp-json\/wp\/v2\/posts\/15722\/revisions\/15729"}],"wp:attachment":[{"href":"http:\/\/grete.duna.no\/blog\/wp-json\/wp\/v2\/media?parent=15722"}],"wp:term":[{"taxonomy":"category","embeddable":true,"href":"http:\/\/grete.duna.no\/blog\/wp-json\/wp\/v2\/categories?post=15722"},{"taxonomy":"post_tag","embeddable":true,"href":"http:\/\/grete.duna.no\/blog\/wp-json\/wp\/v2\/tags?post=15722"}],"curies":[{"name":"wp","href":"https:\/\/api.w.org\/{rel}","templated":true}]}}