{"id":19009,"date":"2015-04-20T19:58:24","date_gmt":"2015-04-20T17:58:24","guid":{"rendered":"http:\/\/grete.duna.no\/blog\/?p=19009"},"modified":"2016-06-20T12:24:46","modified_gmt":"2016-06-20T10:24:46","slug":"smamodellstrikk","status":"publish","type":"post","link":"http:\/\/grete.duna.no\/blog\/2015\/04\/20\/smamodellstrikk\/","title":{"rendered":"Sm\u00e5modellstrikk"},"content":{"rendered":"<p>Jeg har strikket litt sm\u00e5tterier de siste par ukene \u2013 er i gang med modellstrikk for House of Yarn som er den nye eieren til Du Store Alpakka, Dale Garn og Gjestal. Denne gangen har jeg strikket tradisjonelt m\u00f8nster, en variant av <strong>Cortina<\/strong>, i koksgr\u00e5 og naturhvit babyull.<br \/>\n<a href=\"http:\/\/grete.duna.no\/blog\/wp-content\/uploads\/2015\/04\/baby-sett.jpg\"><img decoding=\"async\" loading=\"lazy\" class=\"alignright size-full wp-image-19011\" style=\"border: 1px solid black;\" src=\"http:\/\/grete.duna.no\/blog\/wp-content\/uploads\/2015\/04\/baby-sett.jpg\" alt=\"baby-sett\" width=\"600\" height=\"839\" srcset=\"http:\/\/grete.duna.no\/blog\/wp-content\/uploads\/2015\/04\/baby-sett.jpg 600w, http:\/\/grete.duna.no\/blog\/wp-content\/uploads\/2015\/04\/baby-sett-215x300.jpg 215w\" sizes=\"(max-width: 709px) 85vw, (max-width: 909px) 67vw, (max-width: 984px) 61vw, (max-width: 1362px) 45vw, 600px\" \/><\/a>I tillegg har jeg kastet meg ut i kjolestrikk til Ida og lilles\u00f8steren hennes, de \u00f8nsker seg 17. mai-antrekk, s\u00e5 jeg har i grunnen litt tidspress p\u00e5 meg for \u00e5 bli ferdig i tide.<br \/>\n<a href=\"http:\/\/grete.duna.no\/blog\/wp-content\/uploads\/2015\/04\/kjoler-i-gang.jpg\"><img decoding=\"async\" loading=\"lazy\" class=\"alignright size-full wp-image-19012\" style=\"border: 1px solid black;\" src=\"http:\/\/grete.duna.no\/blog\/wp-content\/uploads\/2015\/04\/kjoler-i-gang.jpg\" alt=\"kjoler-i-gang\" width=\"600\" height=\"729\" srcset=\"http:\/\/grete.duna.no\/blog\/wp-content\/uploads\/2015\/04\/kjoler-i-gang.jpg 600w, http:\/\/grete.duna.no\/blog\/wp-content\/uploads\/2015\/04\/kjoler-i-gang-247x300.jpg 247w\" sizes=\"(max-width: 709px) 85vw, (max-width: 909px) 67vw, (max-width: 984px) 61vw, (max-width: 1362px) 45vw, 600px\" \/><\/a>Det er morsomt med sm\u00e5strikk, men jeg gleder meg nok enda mer til \u00e5 fortsette p\u00e5 mine egne prosjekter en stund fremover. Jeg har igjen \u00e9n skj\u00e6rg\u00e5rdsgenser, det f\u00e5r bli mellomstrikk. P\u00e5 favorittpinnene har jeg n\u00e5 Moonraker-sjalet, der jeg m\u00e5 tilst\u00e5 at jeg har kopiert b\u00e5de <a href=\"http:\/\/woolspire.com\/nb\/gry-hege\/blog\/resultat-fra-moonraker-kal\">garn- og fargevalg fra Gry Hege<\/a> &#8230; Gleder meg til \u00e5 bli ferdig med det, om det blir aldri s\u00e5 mye sommer f\u00f8r den tid!<\/p>\n","protected":false},"excerpt":{"rendered":"<p>Jeg har strikket litt sm\u00e5tterier de siste par ukene \u2013 er i gang med modellstrikk for House of Yarn som er den nye eieren til Du Store Alpakka, Dale Garn og Gjestal. Denne gangen har jeg strikket tradisjonelt m\u00f8nster, en variant av Cortina, i koksgr\u00e5 og naturhvit babyull. I tillegg har jeg kastet meg ut &hellip; <a href=\"http:\/\/grete.duna.no\/blog\/2015\/04\/20\/smamodellstrikk\/\" class=\"more-link\">Continue reading<span class=\"screen-reader-text\"> &#8220;Sm\u00e5modellstrikk&#8221;<\/span><\/a><\/p>\n","protected":false},"author":2,"featured_media":0,"comment_status":"open","ping_status":"open","sticky":false,"template":"","format":"standard","meta":[],"categories":[9,11,43,195],"tags":[194,197,236,77,248,245,44,198,223],"_links":{"self":[{"href":"http:\/\/grete.duna.no\/blog\/wp-json\/wp\/v2\/posts\/19009"}],"collection":[{"href":"http:\/\/grete.duna.no\/blog\/wp-json\/wp\/v2\/posts"}],"about":[{"href":"http:\/\/grete.duna.no\/blog\/wp-json\/wp\/v2\/types\/post"}],"author":[{"embeddable":true,"href":"http:\/\/grete.duna.no\/blog\/wp-json\/wp\/v2\/users\/2"}],"replies":[{"embeddable":true,"href":"http:\/\/grete.duna.no\/blog\/wp-json\/wp\/v2\/comments?post=19009"}],"version-history":[{"count":2,"href":"http:\/\/grete.duna.no\/blog\/wp-json\/wp\/v2\/posts\/19009\/revisions"}],"predecessor-version":[{"id":19014,"href":"http:\/\/grete.duna.no\/blog\/wp-json\/wp\/v2\/posts\/19009\/revisions\/19014"}],"wp:attachment":[{"href":"http:\/\/grete.duna.no\/blog\/wp-json\/wp\/v2\/media?parent=19009"}],"wp:term":[{"taxonomy":"category","embeddable":true,"href":"http:\/\/grete.duna.no\/blog\/wp-json\/wp\/v2\/categories?post=19009"},{"taxonomy":"post_tag","embeddable":true,"href":"http:\/\/grete.duna.no\/blog\/wp-json\/wp\/v2\/tags?post=19009"}],"curies":[{"name":"wp","href":"https:\/\/api.w.org\/{rel}","templated":true}]}}