{"id":21183,"date":"2016-12-03T15:55:28","date_gmt":"2016-12-03T14:55:28","guid":{"rendered":"http:\/\/grete.duna.no\/blog\/?p=21183"},"modified":"2017-05-22T14:15:23","modified_gmt":"2017-05-22T12:15:23","slug":"tur-i-dagslys","status":"publish","type":"post","link":"http:\/\/grete.duna.no\/blog\/2016\/12\/03\/tur-i-dagslys\/","title":{"rendered":"Tur i dagslys"},"content":{"rendered":"<p>Det er litt bonus for tiden \u00e5 rekke en skikkelig tur med Lukas mens det er lyst. Vinterm\u00f8rkt om morran og ditto om ettermiddagen, store deler av arbeidsdagen inne p\u00e5 kontor uten vindu. S\u00e5 en l\u00f8rdag med masse sn\u00f8 gjorde at vi ikke var s\u00e6rlig tungbedt \u2013 ut med oss!<br \/>\n<a href=\"http:\/\/grete.duna.no\/blog\/wp-content\/uploads\/2016\/12\/lukas-til-skogs.jpg\"><img decoding=\"async\" loading=\"lazy\" class=\"alignright size-full wp-image-21184\" style=\"border: 1px solid black;\" src=\"http:\/\/grete.duna.no\/blog\/wp-content\/uploads\/2016\/12\/lukas-til-skogs.jpg\" alt=\"lukas-til-skogs\" width=\"1280\" height=\"536\" srcset=\"http:\/\/grete.duna.no\/blog\/wp-content\/uploads\/2016\/12\/lukas-til-skogs.jpg 1280w, http:\/\/grete.duna.no\/blog\/wp-content\/uploads\/2016\/12\/lukas-til-skogs-300x126.jpg 300w, http:\/\/grete.duna.no\/blog\/wp-content\/uploads\/2016\/12\/lukas-til-skogs-768x322.jpg 768w, http:\/\/grete.duna.no\/blog\/wp-content\/uploads\/2016\/12\/lukas-til-skogs-1024x429.jpg 1024w\" sizes=\"(max-width: 709px) 85vw, (max-width: 909px) 67vw, (max-width: 1362px) 62vw, 840px\" \/><\/a><br \/>\nKom igjen mutter&#8217;n, her skal det l\u00f8pes i skogen! Lykkelige Lukas er meget bestemt p\u00e5 vei inn i marka.<br \/>\n<a href=\"http:\/\/grete.duna.no\/blog\/wp-content\/uploads\/2016\/12\/lukas-bestemmer.jpg\"><img decoding=\"async\" loading=\"lazy\" class=\"alignright size-full wp-image-21185\" style=\"border: 1px solid black;\" src=\"http:\/\/grete.duna.no\/blog\/wp-content\/uploads\/2016\/12\/lukas-bestemmer.jpg\" alt=\"lukas-bestemmer\" width=\"1280\" height=\"715\" srcset=\"http:\/\/grete.duna.no\/blog\/wp-content\/uploads\/2016\/12\/lukas-bestemmer.jpg 1280w, http:\/\/grete.duna.no\/blog\/wp-content\/uploads\/2016\/12\/lukas-bestemmer-300x168.jpg 300w, http:\/\/grete.duna.no\/blog\/wp-content\/uploads\/2016\/12\/lukas-bestemmer-768x429.jpg 768w, http:\/\/grete.duna.no\/blog\/wp-content\/uploads\/2016\/12\/lukas-bestemmer-1024x572.jpg 1024w\" sizes=\"(max-width: 709px) 85vw, (max-width: 909px) 67vw, (max-width: 1362px) 62vw, 840px\" \/><\/a><br \/>\nN\u00e5 er det ikke alltid vi er helt enige om retningen \u2026 Men n\u00e5r det er s\u00e5 fine forhold s\u00e5 f\u00e5r stort sett hunden bestemme, faktisk.<br \/>\n<a href=\"http:\/\/grete.duna.no\/blog\/wp-content\/uploads\/2014\/03\/favicon.png\"><img decoding=\"async\" loading=\"lazy\" class=\"alignright size-full wp-image-16156\" src=\"http:\/\/grete.duna.no\/blog\/wp-content\/uploads\/2014\/03\/favicon.png\" alt=\"favicon\" width=\"16\" height=\"16\" \/><\/a><\/p>\n<p><span style=\"border-radius: 2px; text-indent: 20px; width: auto; padding: 0px 4px 0px 0px; text-align: center; font: bold 11px\/20px 'Helvetica Neue',Helvetica,sans-serif; color: #ffffff; background: #bd081c  no-repeat scroll 3px 50% \/ 14px 14px; position: absolute; opacity: 1; z-index: 8675309; display: none; cursor: pointer;\">Save<\/span><\/p>\n","protected":false},"excerpt":{"rendered":"<p>Det er litt bonus for tiden \u00e5 rekke en skikkelig tur med Lukas mens det er lyst. Vinterm\u00f8rkt om morran og ditto om ettermiddagen, store deler av arbeidsdagen inne p\u00e5 kontor uten vindu. S\u00e5 en l\u00f8rdag med masse sn\u00f8 gjorde at vi ikke var s\u00e6rlig tungbedt \u2013 ut med oss! Kom igjen mutter&#8217;n, her skal &hellip; <a href=\"http:\/\/grete.duna.no\/blog\/2016\/12\/03\/tur-i-dagslys\/\" class=\"more-link\">Continue reading<span class=\"screen-reader-text\"> &#8220;Tur i dagslys&#8221;<\/span><\/a><\/p>\n","protected":false},"author":2,"featured_media":0,"comment_status":"open","ping_status":"open","sticky":false,"template":"","format":"standard","meta":[],"categories":[11,43,195,39],"tags":[203,46,131,120,47,37],"_links":{"self":[{"href":"http:\/\/grete.duna.no\/blog\/wp-json\/wp\/v2\/posts\/21183"}],"collection":[{"href":"http:\/\/grete.duna.no\/blog\/wp-json\/wp\/v2\/posts"}],"about":[{"href":"http:\/\/grete.duna.no\/blog\/wp-json\/wp\/v2\/types\/post"}],"author":[{"embeddable":true,"href":"http:\/\/grete.duna.no\/blog\/wp-json\/wp\/v2\/users\/2"}],"replies":[{"embeddable":true,"href":"http:\/\/grete.duna.no\/blog\/wp-json\/wp\/v2\/comments?post=21183"}],"version-history":[{"count":2,"href":"http:\/\/grete.duna.no\/blog\/wp-json\/wp\/v2\/posts\/21183\/revisions"}],"predecessor-version":[{"id":21187,"href":"http:\/\/grete.duna.no\/blog\/wp-json\/wp\/v2\/posts\/21183\/revisions\/21187"}],"wp:attachment":[{"href":"http:\/\/grete.duna.no\/blog\/wp-json\/wp\/v2\/media?parent=21183"}],"wp:term":[{"taxonomy":"category","embeddable":true,"href":"http:\/\/grete.duna.no\/blog\/wp-json\/wp\/v2\/categories?post=21183"},{"taxonomy":"post_tag","embeddable":true,"href":"http:\/\/grete.duna.no\/blog\/wp-json\/wp\/v2\/tags?post=21183"}],"curies":[{"name":"wp","href":"https:\/\/api.w.org\/{rel}","templated":true}]}}