{"id":22850,"date":"2018-03-28T16:04:35","date_gmt":"2018-03-28T14:04:35","guid":{"rendered":"https:\/\/grete.duna.no\/blog\/?p=22850"},"modified":"2018-03-28T16:04:35","modified_gmt":"2018-03-28T14:04:35","slug":"jeeei-paskesola-kom","status":"publish","type":"post","link":"http:\/\/grete.duna.no\/blog\/2018\/03\/28\/jeeei-paskesola-kom\/","title":{"rendered":"Jeeei! P\u00e5skesola kom"},"content":{"rendered":"<p>Vi kom oss p\u00e5 hytta seint i g\u00e5r kveld, etter et par dager med str\u00e5lende fint (men kaldt) v\u00e6r hjemme. Og den deilige p\u00e5skesola har str\u00e5lt og glitret i hele dag ogs\u00e5. Det er S\u00c5 godt \u00e5 kunne sitte i solveggen med strikket\u00f8y, litt godt \u00e5 drikke, en radio med lett underholdning og ellers bare kjenne at man har fri!<\/p>\n<figure id=\"attachment_22854\" aria-describedby=\"caption-attachment-22854\" style=\"width: 1280px\" class=\"wp-caption aligncenter\"><a href=\"https:\/\/grete.duna.no\/blog\/wp-content\/uploads\/2018\/03\/solveggen-paska.jpg\"><img decoding=\"async\" loading=\"lazy\" class=\"wp-image-22854 size-full\" style=\"border: 1px solid black;\" src=\"https:\/\/grete.duna.no\/blog\/wp-content\/uploads\/2018\/03\/solveggen-paska.jpg\" alt=\"\" width=\"1280\" height=\"845\" srcset=\"http:\/\/grete.duna.no\/blog\/wp-content\/uploads\/2018\/03\/solveggen-paska.jpg 1280w, http:\/\/grete.duna.no\/blog\/wp-content\/uploads\/2018\/03\/solveggen-paska-300x198.jpg 300w, http:\/\/grete.duna.no\/blog\/wp-content\/uploads\/2018\/03\/solveggen-paska-768x507.jpg 768w, http:\/\/grete.duna.no\/blog\/wp-content\/uploads\/2018\/03\/solveggen-paska-1024x676.jpg 1024w, http:\/\/grete.duna.no\/blog\/wp-content\/uploads\/2018\/03\/solveggen-paska-1200x792.jpg 1200w\" sizes=\"(max-width: 709px) 85vw, (max-width: 909px) 67vw, (max-width: 1362px) 62vw, 840px\" \/><\/a><figcaption id=\"caption-attachment-22854\" class=\"wp-caption-text\">Jobber med brunfargen<\/figcaption><\/figure>\n<p>Mens jeg strevde meg gjennom masketelling og nynning til kjente og ukjente schlagere p\u00e5 radio, s\u00e5 tok Olav ansvar og kakket ivei p\u00e5 restene av sn\u00f8 fra vinterens takras p\u00e5 verandaen<\/p>\n<figure id=\"attachment_22852\" aria-describedby=\"caption-attachment-22852\" style=\"width: 820px\" class=\"wp-caption aligncenter\"><a href=\"https:\/\/grete.duna.no\/blog\/wp-content\/uploads\/2018\/03\/olav-fjerne-sno.jpg\"><img decoding=\"async\" loading=\"lazy\" class=\"wp-image-22852 size-full\" style=\"border: 1px solid black;\" src=\"https:\/\/grete.duna.no\/blog\/wp-content\/uploads\/2018\/03\/olav-fjerne-sno.jpg\" alt=\"\" width=\"820\" height=\"1280\" srcset=\"http:\/\/grete.duna.no\/blog\/wp-content\/uploads\/2018\/03\/olav-fjerne-sno.jpg 820w, http:\/\/grete.duna.no\/blog\/wp-content\/uploads\/2018\/03\/olav-fjerne-sno-192x300.jpg 192w, http:\/\/grete.duna.no\/blog\/wp-content\/uploads\/2018\/03\/olav-fjerne-sno-768x1199.jpg 768w, http:\/\/grete.duna.no\/blog\/wp-content\/uploads\/2018\/03\/olav-fjerne-sno-656x1024.jpg 656w\" sizes=\"(max-width: 709px) 85vw, (max-width: 909px) 67vw, (max-width: 984px) 61vw, (max-width: 1362px) 45vw, 600px\" \/><\/a><figcaption id=\"caption-attachment-22852\" class=\"wp-caption-text\">Dyktig arbeidskar!<\/figcaption><\/figure>\n<figure id=\"attachment_22853\" aria-describedby=\"caption-attachment-22853\" style=\"width: 945px\" class=\"wp-caption aligncenter\"><a href=\"https:\/\/grete.duna.no\/blog\/wp-content\/uploads\/2018\/03\/paskesnap2018.png\"><img decoding=\"async\" loading=\"lazy\" class=\"wp-image-22853 size-full\" style=\"border: 1px solid black;\" src=\"https:\/\/grete.duna.no\/blog\/wp-content\/uploads\/2018\/03\/paskesnap2018.png\" alt=\"\" width=\"945\" height=\"1280\" srcset=\"http:\/\/grete.duna.no\/blog\/wp-content\/uploads\/2018\/03\/paskesnap2018.png 945w, http:\/\/grete.duna.no\/blog\/wp-content\/uploads\/2018\/03\/paskesnap2018-221x300.png 221w, http:\/\/grete.duna.no\/blog\/wp-content\/uploads\/2018\/03\/paskesnap2018-768x1040.png 768w, http:\/\/grete.duna.no\/blog\/wp-content\/uploads\/2018\/03\/paskesnap2018-756x1024.png 756w\" sizes=\"(max-width: 709px) 85vw, (max-width: 909px) 67vw, (max-width: 1362px) 62vw, 840px\" \/><\/a><figcaption id=\"caption-attachment-22853\" class=\"wp-caption-text\">Stort bedre blir det ikke<\/figcaption><\/figure>\n<p><a href=\"https:\/\/grete.duna.no\/blog\/wp-content\/uploads\/2018\/03\/favorittutsikt2018.jpg\"><img decoding=\"async\" loading=\"lazy\" class=\"aligncenter size-full wp-image-22851\" style=\"border: 1px solid black;\" src=\"https:\/\/grete.duna.no\/blog\/wp-content\/uploads\/2018\/03\/favorittutsikt2018.jpg\" alt=\"\" width=\"1280\" height=\"720\" srcset=\"http:\/\/grete.duna.no\/blog\/wp-content\/uploads\/2018\/03\/favorittutsikt2018.jpg 1280w, http:\/\/grete.duna.no\/blog\/wp-content\/uploads\/2018\/03\/favorittutsikt2018-300x169.jpg 300w, http:\/\/grete.duna.no\/blog\/wp-content\/uploads\/2018\/03\/favorittutsikt2018-768x432.jpg 768w, http:\/\/grete.duna.no\/blog\/wp-content\/uploads\/2018\/03\/favorittutsikt2018-1024x576.jpg 1024w, http:\/\/grete.duna.no\/blog\/wp-content\/uploads\/2018\/03\/favorittutsikt2018-1200x675.jpg 1200w\" sizes=\"(max-width: 709px) 85vw, (max-width: 909px) 67vw, (max-width: 1362px) 62vw, 840px\" \/><\/a>Dette er min absolutte <em>all time high<\/em>-favorittutsikt! Satser p\u00e5 \u00e5 se den ofte fremover.<\/p>\n","protected":false},"excerpt":{"rendered":"<p>Vi kom oss p\u00e5 hytta seint i g\u00e5r kveld, etter et par dager med str\u00e5lende fint (men kaldt) v\u00e6r hjemme. Og den deilige p\u00e5skesola har str\u00e5lt og glitret i hele dag ogs\u00e5. Det er S\u00c5 godt \u00e5 kunne sitte i solveggen med strikket\u00f8y, litt godt \u00e5 drikke, en radio med lett underholdning og ellers bare &hellip; <a href=\"http:\/\/grete.duna.no\/blog\/2018\/03\/28\/jeeei-paskesola-kom\/\" class=\"more-link\">Continue reading<span class=\"screen-reader-text\"> &#8220;Jeeei! P\u00e5skesola kom&#8221;<\/span><\/a><\/p>\n","protected":false},"author":2,"featured_media":0,"comment_status":"open","ping_status":"open","sticky":false,"template":"","format":"standard","meta":[],"categories":[9,11,195,39,6],"tags":[53,46,28,61,13,21,19,47],"_links":{"self":[{"href":"http:\/\/grete.duna.no\/blog\/wp-json\/wp\/v2\/posts\/22850"}],"collection":[{"href":"http:\/\/grete.duna.no\/blog\/wp-json\/wp\/v2\/posts"}],"about":[{"href":"http:\/\/grete.duna.no\/blog\/wp-json\/wp\/v2\/types\/post"}],"author":[{"embeddable":true,"href":"http:\/\/grete.duna.no\/blog\/wp-json\/wp\/v2\/users\/2"}],"replies":[{"embeddable":true,"href":"http:\/\/grete.duna.no\/blog\/wp-json\/wp\/v2\/comments?post=22850"}],"version-history":[{"count":1,"href":"http:\/\/grete.duna.no\/blog\/wp-json\/wp\/v2\/posts\/22850\/revisions"}],"predecessor-version":[{"id":22855,"href":"http:\/\/grete.duna.no\/blog\/wp-json\/wp\/v2\/posts\/22850\/revisions\/22855"}],"wp:attachment":[{"href":"http:\/\/grete.duna.no\/blog\/wp-json\/wp\/v2\/media?parent=22850"}],"wp:term":[{"taxonomy":"category","embeddable":true,"href":"http:\/\/grete.duna.no\/blog\/wp-json\/wp\/v2\/categories?post=22850"},{"taxonomy":"post_tag","embeddable":true,"href":"http:\/\/grete.duna.no\/blog\/wp-json\/wp\/v2\/tags?post=22850"}],"curies":[{"name":"wp","href":"https:\/\/api.w.org\/{rel}","templated":true}]}}