{"id":23057,"date":"2018-06-23T22:38:01","date_gmt":"2018-06-23T20:38:01","guid":{"rendered":"https:\/\/grete.duna.no\/blog\/?p=23057"},"modified":"2018-06-23T22:38:01","modified_gmt":"2018-06-23T20:38:01","slug":"midt-pa-sommern","status":"publish","type":"post","link":"http:\/\/grete.duna.no\/blog\/2018\/06\/23\/midt-pa-sommern\/","title":{"rendered":"Midt p\u00e5 sommer&#8217;n"},"content":{"rendered":"<p>I dag er det sankthansaften og \u00e5rets lyseste dag. Det burde v\u00e6rt noen flere plussgrader, gjerne tosifret \u2026<\/p>\n<figure id=\"attachment_23062\" aria-describedby=\"caption-attachment-23062\" style=\"width: 1280px\" class=\"wp-caption aligncenter\"><a href=\"https:\/\/grete.duna.no\/blog\/wp-content\/uploads\/2018\/06\/midtsommertur.jpg\"><img decoding=\"async\" loading=\"lazy\" class=\"wp-image-23062 size-full\" style=\"border: 1px solid black;\" src=\"https:\/\/grete.duna.no\/blog\/wp-content\/uploads\/2018\/06\/midtsommertur.jpg\" alt=\"\" width=\"1280\" height=\"601\" srcset=\"http:\/\/grete.duna.no\/blog\/wp-content\/uploads\/2018\/06\/midtsommertur.jpg 1280w, http:\/\/grete.duna.no\/blog\/wp-content\/uploads\/2018\/06\/midtsommertur-300x141.jpg 300w, http:\/\/grete.duna.no\/blog\/wp-content\/uploads\/2018\/06\/midtsommertur-768x361.jpg 768w, http:\/\/grete.duna.no\/blog\/wp-content\/uploads\/2018\/06\/midtsommertur-1024x481.jpg 1024w, http:\/\/grete.duna.no\/blog\/wp-content\/uploads\/2018\/06\/midtsommertur-1200x563.jpg 1200w\" sizes=\"(max-width: 709px) 85vw, (max-width: 909px) 67vw, (max-width: 1362px) 62vw, 840px\" \/><\/a><figcaption id=\"caption-attachment-23062\" class=\"wp-caption-text\">Dagens antrekk er svalbardgenser, men vi startet hvertfall friskt med en tur ut<\/figcaption><\/figure>\n<figure id=\"attachment_23061\" aria-describedby=\"caption-attachment-23061\" style=\"width: 1280px\" class=\"wp-caption aligncenter\"><a href=\"https:\/\/grete.duna.no\/blog\/wp-content\/uploads\/2018\/06\/midtsommerbeina.png\"><img decoding=\"async\" loading=\"lazy\" class=\"wp-image-23061 size-full\" style=\"border: 1px solid black;\" src=\"https:\/\/grete.duna.no\/blog\/wp-content\/uploads\/2018\/06\/midtsommerbeina.png\" alt=\"\" width=\"1280\" height=\"1252\" srcset=\"http:\/\/grete.duna.no\/blog\/wp-content\/uploads\/2018\/06\/midtsommerbeina.png 1280w, http:\/\/grete.duna.no\/blog\/wp-content\/uploads\/2018\/06\/midtsommerbeina-300x293.png 300w, http:\/\/grete.duna.no\/blog\/wp-content\/uploads\/2018\/06\/midtsommerbeina-768x751.png 768w, http:\/\/grete.duna.no\/blog\/wp-content\/uploads\/2018\/06\/midtsommerbeina-1024x1002.png 1024w, http:\/\/grete.duna.no\/blog\/wp-content\/uploads\/2018\/06\/midtsommerbeina-1200x1174.png 1200w\" sizes=\"(max-width: 709px) 85vw, (max-width: 909px) 67vw, (max-width: 1362px) 62vw, 840px\" \/><\/a><figcaption id=\"caption-attachment-23061\" class=\"wp-caption-text\">Midtsommerbeina i regnbukse og st\u00f8vler, langt unna sandstrand og basseng \u2026<\/figcaption><\/figure>\n<figure id=\"attachment_23060\" aria-describedby=\"caption-attachment-23060\" style=\"width: 1280px\" class=\"wp-caption aligncenter\"><a href=\"https:\/\/grete.duna.no\/blog\/wp-content\/uploads\/2018\/06\/innekos.jpg\"><img decoding=\"async\" loading=\"lazy\" class=\"wp-image-23060 size-full\" style=\"border: 1px solid black;\" src=\"https:\/\/grete.duna.no\/blog\/wp-content\/uploads\/2018\/06\/innekos.jpg\" alt=\"\" width=\"1280\" height=\"948\" srcset=\"http:\/\/grete.duna.no\/blog\/wp-content\/uploads\/2018\/06\/innekos.jpg 1280w, http:\/\/grete.duna.no\/blog\/wp-content\/uploads\/2018\/06\/innekos-300x222.jpg 300w, http:\/\/grete.duna.no\/blog\/wp-content\/uploads\/2018\/06\/innekos-768x569.jpg 768w, http:\/\/grete.duna.no\/blog\/wp-content\/uploads\/2018\/06\/innekos-1024x758.jpg 1024w, http:\/\/grete.duna.no\/blog\/wp-content\/uploads\/2018\/06\/innekos-1200x889.jpg 1200w\" sizes=\"(max-width: 709px) 85vw, (max-width: 909px) 67vw, (max-width: 1362px) 62vw, 840px\" \/><\/a><figcaption id=\"caption-attachment-23060\" class=\"wp-caption-text\">Lukas fant det helt passende \u00e5 innta hvilepositur<\/figcaption><\/figure>\n<figure id=\"attachment_23058\" aria-describedby=\"caption-attachment-23058\" style=\"width: 1280px\" class=\"wp-caption aligncenter\"><a href=\"https:\/\/grete.duna.no\/blog\/wp-content\/uploads\/2018\/06\/bakedag.jpg\"><img decoding=\"async\" loading=\"lazy\" class=\"wp-image-23058 size-full\" style=\"border: 1px solid black;\" src=\"https:\/\/grete.duna.no\/blog\/wp-content\/uploads\/2018\/06\/bakedag.jpg\" alt=\"\" width=\"1280\" height=\"605\" srcset=\"http:\/\/grete.duna.no\/blog\/wp-content\/uploads\/2018\/06\/bakedag.jpg 1280w, http:\/\/grete.duna.no\/blog\/wp-content\/uploads\/2018\/06\/bakedag-300x142.jpg 300w, http:\/\/grete.duna.no\/blog\/wp-content\/uploads\/2018\/06\/bakedag-768x363.jpg 768w, http:\/\/grete.duna.no\/blog\/wp-content\/uploads\/2018\/06\/bakedag-1024x484.jpg 1024w, http:\/\/grete.duna.no\/blog\/wp-content\/uploads\/2018\/06\/bakedag-1200x567.jpg 1200w\" sizes=\"(max-width: 709px) 85vw, (max-width: 909px) 67vw, (max-width: 1362px) 62vw, 840px\" \/><\/a><figcaption id=\"caption-attachment-23058\" class=\"wp-caption-text\">\u2026 og jeg syns det passet med hjembaktbr\u00f8d<\/figcaption><\/figure>\n<figure id=\"attachment_23059\" aria-describedby=\"caption-attachment-23059\" style=\"width: 1280px\" class=\"wp-caption aligncenter\"><a href=\"https:\/\/grete.duna.no\/blog\/wp-content\/uploads\/2018\/06\/hyttekveld.jpg\"><img decoding=\"async\" loading=\"lazy\" class=\"wp-image-23059 size-full\" style=\"border: 1px solid black;\" src=\"https:\/\/grete.duna.no\/blog\/wp-content\/uploads\/2018\/06\/hyttekveld.jpg\" alt=\"\" width=\"1280\" height=\"1183\" srcset=\"http:\/\/grete.duna.no\/blog\/wp-content\/uploads\/2018\/06\/hyttekveld.jpg 1280w, http:\/\/grete.duna.no\/blog\/wp-content\/uploads\/2018\/06\/hyttekveld-300x277.jpg 300w, http:\/\/grete.duna.no\/blog\/wp-content\/uploads\/2018\/06\/hyttekveld-768x710.jpg 768w, http:\/\/grete.duna.no\/blog\/wp-content\/uploads\/2018\/06\/hyttekveld-1024x946.jpg 1024w, http:\/\/grete.duna.no\/blog\/wp-content\/uploads\/2018\/06\/hyttekveld-1200x1109.jpg 1200w\" sizes=\"(max-width: 709px) 85vw, (max-width: 909px) 67vw, (max-width: 1362px) 62vw, 840px\" \/><\/a><figcaption id=\"caption-attachment-23059\" class=\"wp-caption-text\">Kveldskos med lys p\u00e5 bordet i stedet for b\u00e5l ute. Koselig \u2013 sk\u00e5l!<\/figcaption><\/figure>\n","protected":false},"excerpt":{"rendered":"<p>I dag er det sankthansaften og \u00e5rets lyseste dag. Det burde v\u00e6rt noen flere plussgrader, gjerne tosifret \u2026<\/p>\n","protected":false},"author":2,"featured_media":0,"comment_status":"open","ping_status":"open","sticky":false,"template":"","format":"standard","meta":[],"categories":[9,11,195,39,6],"tags":[46,76,102,13,23,120,198,47],"_links":{"self":[{"href":"http:\/\/grete.duna.no\/blog\/wp-json\/wp\/v2\/posts\/23057"}],"collection":[{"href":"http:\/\/grete.duna.no\/blog\/wp-json\/wp\/v2\/posts"}],"about":[{"href":"http:\/\/grete.duna.no\/blog\/wp-json\/wp\/v2\/types\/post"}],"author":[{"embeddable":true,"href":"http:\/\/grete.duna.no\/blog\/wp-json\/wp\/v2\/users\/2"}],"replies":[{"embeddable":true,"href":"http:\/\/grete.duna.no\/blog\/wp-json\/wp\/v2\/comments?post=23057"}],"version-history":[{"count":2,"href":"http:\/\/grete.duna.no\/blog\/wp-json\/wp\/v2\/posts\/23057\/revisions"}],"predecessor-version":[{"id":23064,"href":"http:\/\/grete.duna.no\/blog\/wp-json\/wp\/v2\/posts\/23057\/revisions\/23064"}],"wp:attachment":[{"href":"http:\/\/grete.duna.no\/blog\/wp-json\/wp\/v2\/media?parent=23057"}],"wp:term":[{"taxonomy":"category","embeddable":true,"href":"http:\/\/grete.duna.no\/blog\/wp-json\/wp\/v2\/categories?post=23057"},{"taxonomy":"post_tag","embeddable":true,"href":"http:\/\/grete.duna.no\/blog\/wp-json\/wp\/v2\/tags?post=23057"}],"curies":[{"name":"wp","href":"https:\/\/api.w.org\/{rel}","templated":true}]}}