{"id":23686,"date":"2019-01-14T00:01:52","date_gmt":"2019-01-13T23:01:52","guid":{"rendered":"https:\/\/grete.duna.no\/blog\/?p=23686"},"modified":"2019-02-27T13:33:40","modified_gmt":"2019-02-27T12:33:40","slug":"fuglemat-og-snostorm","status":"publish","type":"post","link":"http:\/\/grete.duna.no\/blog\/2019\/01\/14\/fuglemat-og-snostorm\/","title":{"rendered":"Fuglemat og sn\u00f8storm"},"content":{"rendered":"<p><a href=\"https:\/\/grete.duna.no\/blog\/wp-content\/uploads\/2019\/01\/fuglemateren.jpg\"><img decoding=\"async\" loading=\"lazy\" class=\"alignright size-full wp-image-23680\" style=\"border: 1px solid black;\" src=\"https:\/\/grete.duna.no\/blog\/wp-content\/uploads\/2019\/01\/fuglemateren.jpg\" alt=\"\" width=\"1280\" height=\"694\" srcset=\"http:\/\/grete.duna.no\/blog\/wp-content\/uploads\/2019\/01\/fuglemateren.jpg 1280w, http:\/\/grete.duna.no\/blog\/wp-content\/uploads\/2019\/01\/fuglemateren-300x163.jpg 300w, http:\/\/grete.duna.no\/blog\/wp-content\/uploads\/2019\/01\/fuglemateren-768x416.jpg 768w, http:\/\/grete.duna.no\/blog\/wp-content\/uploads\/2019\/01\/fuglemateren-1024x555.jpg 1024w, http:\/\/grete.duna.no\/blog\/wp-content\/uploads\/2019\/01\/fuglemateren-1200x651.jpg 1200w\" sizes=\"(max-width: 709px) 85vw, (max-width: 909px) 67vw, (max-width: 1362px) 62vw, 840px\" \/><\/a><br \/>\nPlutselig var det slutt p\u00e5 den sn\u00f8frie vinteren, det har lavet ned noen dager n\u00e5. Og da f\u00e5r jeg jo akutt omsorgsbehov for disse sm\u00e5fuglene v\u00e5re, de som alltid holder til i hekken og som vanligvis finner masse mat her. Innkj\u00f8p av ny fuglemater m\u00e5tte til.<br \/>\n<a href=\"https:\/\/grete.duna.no\/blog\/wp-content\/uploads\/2019\/01\/pafyll-fuglemat.jpg\"><img decoding=\"async\" loading=\"lazy\" class=\"alignright size-full wp-image-23681\" style=\"border: 1px solid black;\" src=\"https:\/\/grete.duna.no\/blog\/wp-content\/uploads\/2019\/01\/pafyll-fuglemat.jpg\" alt=\"\" width=\"1280\" height=\"841\" srcset=\"http:\/\/grete.duna.no\/blog\/wp-content\/uploads\/2019\/01\/pafyll-fuglemat.jpg 1280w, http:\/\/grete.duna.no\/blog\/wp-content\/uploads\/2019\/01\/pafyll-fuglemat-300x197.jpg 300w, http:\/\/grete.duna.no\/blog\/wp-content\/uploads\/2019\/01\/pafyll-fuglemat-768x505.jpg 768w, http:\/\/grete.duna.no\/blog\/wp-content\/uploads\/2019\/01\/pafyll-fuglemat-1024x673.jpg 1024w, http:\/\/grete.duna.no\/blog\/wp-content\/uploads\/2019\/01\/pafyll-fuglemat-1200x788.jpg 1200w\" sizes=\"(max-width: 709px) 85vw, (max-width: 909px) 67vw, (max-width: 1362px) 62vw, 840px\" \/><\/a><br \/>\nMen ingen fulger var \u00e5 se &#8211; har de gitt opp \u00e5 finne mat hos oss, tro? Eller er de bare forvirret fordi fjor\u00e5rets hvite fuglematerhus n\u00e5 er byttet ut med et r\u00f8dt, og attp\u00e5til flyttet noen meter lenger inn p\u00e5 verandaen?<br \/>\n<a href=\"https:\/\/grete.duna.no\/blog\/wp-content\/uploads\/2019\/01\/fuglemat-skilt.png\"><img decoding=\"async\" loading=\"lazy\" class=\"alignright size-full wp-image-23687\" style=\"border: 1px solid black;\" src=\"https:\/\/grete.duna.no\/blog\/wp-content\/uploads\/2019\/01\/fuglemat-skilt.png\" alt=\"\" width=\"2675\" height=\"441\" srcset=\"http:\/\/grete.duna.no\/blog\/wp-content\/uploads\/2019\/01\/fuglemat-skilt.png 2675w, http:\/\/grete.duna.no\/blog\/wp-content\/uploads\/2019\/01\/fuglemat-skilt-300x49.png 300w, http:\/\/grete.duna.no\/blog\/wp-content\/uploads\/2019\/01\/fuglemat-skilt-768x127.png 768w, http:\/\/grete.duna.no\/blog\/wp-content\/uploads\/2019\/01\/fuglemat-skilt-1024x169.png 1024w, http:\/\/grete.duna.no\/blog\/wp-content\/uploads\/2019\/01\/fuglemat-skilt-1200x198.png 1200w\" sizes=\"(max-width: 709px) 85vw, (max-width: 909px) 67vw, (max-width: 1362px) 62vw, 840px\" \/><\/a><br \/>\nJeg tenker det gj\u00f8r susen \u00e5 henge opp skilt der maten var tidligere, s\u00e5 finner de frem til det nye fine matstedet &#8211; fuglemathus med egen fuglekasse p\u00e5 veggen, faktisk!<br \/>\n<a href=\"https:\/\/grete.duna.no\/blog\/wp-content\/uploads\/2019\/01\/fuglemater-med-fuglehus.jpg\"><img decoding=\"async\" loading=\"lazy\" class=\"alignright size-full wp-image-23688\" style=\"border: 1px solid black;\" src=\"https:\/\/grete.duna.no\/blog\/wp-content\/uploads\/2019\/01\/fuglemater-med-fuglehus.jpg\" alt=\"\" width=\"1280\" height=\"667\" srcset=\"http:\/\/grete.duna.no\/blog\/wp-content\/uploads\/2019\/01\/fuglemater-med-fuglehus.jpg 1280w, http:\/\/grete.duna.no\/blog\/wp-content\/uploads\/2019\/01\/fuglemater-med-fuglehus-300x156.jpg 300w, http:\/\/grete.duna.no\/blog\/wp-content\/uploads\/2019\/01\/fuglemater-med-fuglehus-768x400.jpg 768w, http:\/\/grete.duna.no\/blog\/wp-content\/uploads\/2019\/01\/fuglemater-med-fuglehus-1024x534.jpg 1024w, http:\/\/grete.duna.no\/blog\/wp-content\/uploads\/2019\/01\/fuglemater-med-fuglehus-1200x625.jpg 1200w\" sizes=\"(max-width: 709px) 85vw, (max-width: 909px) 67vw, (max-width: 1362px) 62vw, 840px\" \/><\/a><\/p>\n","protected":false},"excerpt":{"rendered":"<p>Plutselig var det slutt p\u00e5 den sn\u00f8frie vinteren, det har lavet ned noen dager n\u00e5. Og da f\u00e5r jeg jo akutt omsorgsbehov for disse sm\u00e5fuglene v\u00e5re, de som alltid holder til i hekken og som vanligvis finner masse mat her. Innkj\u00f8p av ny fuglemater m\u00e5tte til. Men ingen fulger var \u00e5 se &#8211; har de &hellip; <a href=\"http:\/\/grete.duna.no\/blog\/2019\/01\/14\/fuglemat-og-snostorm\/\" class=\"more-link\">Continue reading<span class=\"screen-reader-text\"> &#8220;Fuglemat og sn\u00f8storm&#8221;<\/span><\/a><\/p>\n","protected":false},"author":2,"featured_media":0,"comment_status":"open","ping_status":"open","sticky":false,"template":"","format":"standard","meta":[],"categories":[11,43,195],"tags":[341,26,131,47,37],"_links":{"self":[{"href":"http:\/\/grete.duna.no\/blog\/wp-json\/wp\/v2\/posts\/23686"}],"collection":[{"href":"http:\/\/grete.duna.no\/blog\/wp-json\/wp\/v2\/posts"}],"about":[{"href":"http:\/\/grete.duna.no\/blog\/wp-json\/wp\/v2\/types\/post"}],"author":[{"embeddable":true,"href":"http:\/\/grete.duna.no\/blog\/wp-json\/wp\/v2\/users\/2"}],"replies":[{"embeddable":true,"href":"http:\/\/grete.duna.no\/blog\/wp-json\/wp\/v2\/comments?post=23686"}],"version-history":[{"count":1,"href":"http:\/\/grete.duna.no\/blog\/wp-json\/wp\/v2\/posts\/23686\/revisions"}],"predecessor-version":[{"id":23689,"href":"http:\/\/grete.duna.no\/blog\/wp-json\/wp\/v2\/posts\/23686\/revisions\/23689"}],"wp:attachment":[{"href":"http:\/\/grete.duna.no\/blog\/wp-json\/wp\/v2\/media?parent=23686"}],"wp:term":[{"taxonomy":"category","embeddable":true,"href":"http:\/\/grete.duna.no\/blog\/wp-json\/wp\/v2\/categories?post=23686"},{"taxonomy":"post_tag","embeddable":true,"href":"http:\/\/grete.duna.no\/blog\/wp-json\/wp\/v2\/tags?post=23686"}],"curies":[{"name":"wp","href":"https:\/\/api.w.org\/{rel}","templated":true}]}}