{"id":24029,"date":"2019-05-23T18:58:53","date_gmt":"2019-05-23T16:58:53","guid":{"rendered":"https:\/\/grete.duna.no\/blog\/?p=24029"},"modified":"2019-05-28T12:07:39","modified_gmt":"2019-05-28T10:07:39","slug":"ive-i-lekeland","status":"publish","type":"post","link":"http:\/\/grete.duna.no\/blog\/2019\/05\/23\/ive-i-lekeland\/","title":{"rendered":"Ive i Lekeland"},"content":{"rendered":"<p>Ive har v\u00e6rt p\u00e5 Trondheimstur sammen med mamma Ingrid og bestemor Irene. Vi startet dagen med en liten fellesfrokost:<\/p>\n<p><a href=\"https:\/\/grete.duna.no\/blog\/wp-content\/uploads\/2019\/05\/frokost-med-ive4.jpg\"><img decoding=\"async\" loading=\"lazy\" class=\"alignright size-full wp-image-24033\" style=\"border: 1px solid black;\" src=\"https:\/\/grete.duna.no\/blog\/wp-content\/uploads\/2019\/05\/frokost-med-ive4.jpg\" alt=\"\" width=\"1076\" height=\"1280\" srcset=\"http:\/\/grete.duna.no\/blog\/wp-content\/uploads\/2019\/05\/frokost-med-ive4.jpg 1076w, http:\/\/grete.duna.no\/blog\/wp-content\/uploads\/2019\/05\/frokost-med-ive4-252x300.jpg 252w, http:\/\/grete.duna.no\/blog\/wp-content\/uploads\/2019\/05\/frokost-med-ive4-768x914.jpg 768w, http:\/\/grete.duna.no\/blog\/wp-content\/uploads\/2019\/05\/frokost-med-ive4-861x1024.jpg 861w\" sizes=\"(max-width: 709px) 85vw, (max-width: 909px) 67vw, (max-width: 1362px) 62vw, 840px\" \/><\/a>Og jeg fikk lov \u00e5 v\u00e6re med en snartur innom Lekeland. Skal si det var tempo p\u00e5 fr\u00f8kna!<\/p>\n<p><a href=\"https:\/\/grete.duna.no\/blog\/wp-content\/uploads\/2019\/05\/ive-i-lekeland.jpg\"><img decoding=\"async\" loading=\"lazy\" class=\"alignright size-full wp-image-24024\" style=\"border: 1px solid black;\" src=\"https:\/\/grete.duna.no\/blog\/wp-content\/uploads\/2019\/05\/ive-i-lekeland.jpg\" alt=\"\" width=\"988\" height=\"1280\" srcset=\"http:\/\/grete.duna.no\/blog\/wp-content\/uploads\/2019\/05\/ive-i-lekeland.jpg 988w, http:\/\/grete.duna.no\/blog\/wp-content\/uploads\/2019\/05\/ive-i-lekeland-232x300.jpg 232w, http:\/\/grete.duna.no\/blog\/wp-content\/uploads\/2019\/05\/ive-i-lekeland-768x995.jpg 768w, http:\/\/grete.duna.no\/blog\/wp-content\/uploads\/2019\/05\/ive-i-lekeland-790x1024.jpg 790w\" sizes=\"(max-width: 709px) 85vw, (max-width: 909px) 67vw, (max-width: 1362px) 62vw, 840px\" \/><\/a><\/p>\n<p>N\u00e5 h\u00e5per jeg det snart blir ny visitt, enten her eller der \u2764\ufe0f<\/p>\n","protected":false},"excerpt":{"rendered":"<p>Ive har v\u00e6rt p\u00e5 Trondheimstur sammen med mamma Ingrid og bestemor Irene. Vi startet dagen med en liten fellesfrokost: Og jeg fikk lov \u00e5 v\u00e6re med en snartur innom Lekeland. Skal si det var tempo p\u00e5 fr\u00f8kna! N\u00e5 h\u00e5per jeg det snart blir ny visitt, enten her eller der \u2764\ufe0f<\/p>\n","protected":false},"author":2,"featured_media":0,"comment_status":"open","ping_status":"open","sticky":false,"template":"","format":"standard","meta":[],"categories":[9,11],"tags":[32,257,147],"_links":{"self":[{"href":"http:\/\/grete.duna.no\/blog\/wp-json\/wp\/v2\/posts\/24029"}],"collection":[{"href":"http:\/\/grete.duna.no\/blog\/wp-json\/wp\/v2\/posts"}],"about":[{"href":"http:\/\/grete.duna.no\/blog\/wp-json\/wp\/v2\/types\/post"}],"author":[{"embeddable":true,"href":"http:\/\/grete.duna.no\/blog\/wp-json\/wp\/v2\/users\/2"}],"replies":[{"embeddable":true,"href":"http:\/\/grete.duna.no\/blog\/wp-json\/wp\/v2\/comments?post=24029"}],"version-history":[{"count":3,"href":"http:\/\/grete.duna.no\/blog\/wp-json\/wp\/v2\/posts\/24029\/revisions"}],"predecessor-version":[{"id":24035,"href":"http:\/\/grete.duna.no\/blog\/wp-json\/wp\/v2\/posts\/24029\/revisions\/24035"}],"wp:attachment":[{"href":"http:\/\/grete.duna.no\/blog\/wp-json\/wp\/v2\/media?parent=24029"}],"wp:term":[{"taxonomy":"category","embeddable":true,"href":"http:\/\/grete.duna.no\/blog\/wp-json\/wp\/v2\/categories?post=24029"},{"taxonomy":"post_tag","embeddable":true,"href":"http:\/\/grete.duna.no\/blog\/wp-json\/wp\/v2\/tags?post=24029"}],"curies":[{"name":"wp","href":"https:\/\/api.w.org\/{rel}","templated":true}]}}