{"id":2452,"date":"2010-05-20T18:04:29","date_gmt":"2010-05-20T16:04:29","guid":{"rendered":"http:\/\/grete.duna.no\/blog\/?p=2452"},"modified":"2010-05-20T18:04:29","modified_gmt":"2010-05-20T16:04:29","slug":"tannl%c3%b8st-tr%c3%b8bbel","status":"publish","type":"post","link":"http:\/\/grete.duna.no\/blog\/2010\/05\/20\/tannl%c3%b8st-tr%c3%b8bbel\/","title":{"rendered":"Tannl\u00f8st tr\u00f8bbel"},"content":{"rendered":"<p>Stakkars Lukas. N\u00e5 har han snart ikke tenner igjen i kjeften, b\u00e5de hj\u00f8rnetenner og sm\u00e5 jeksler har ramlet ut de siste dagene. Og s\u00e5 lyst som han har p\u00e5 grise\u00f8re! I ettermiddag satt han delvis og s\u00e5 frustrert p\u00e5 \u00f8ret og delvis lekte han med det omtrent som en kattunge leker med et garnn\u00f8ste. N\u00e5 smaker han litt, b\u00e6rer det rundt, funderer p\u00e5 om det er like greit \u00e5 grave det ned&#8230; Tr\u00f8sten m\u00e5 v\u00e6re at de nye tennene kommer snart, lille venn!<\/p>\n<p style=\"text-align: center;\">\n<figure id=\"attachment_2459\" aria-describedby=\"caption-attachment-2459\" style=\"width: 540px\" class=\"wp-caption aligncenter\"><a href=\"http:\/\/grete.duna.no\/blog\/wp-content\/uploads\/2010\/05\/lukas-tannlos-med-griseore.jpg\"><img decoding=\"async\" loading=\"lazy\" class=\"size-full wp-image-2459 \" title=\"lukas-tannlos-med-griseore\" src=\"http:\/\/grete.duna.no\/blog\/wp-content\/uploads\/2010\/05\/lukas-tannlos-med-griseore.jpg\" alt=\"\" width=\"540\" height=\"720\" srcset=\"http:\/\/grete.duna.no\/blog\/wp-content\/uploads\/2010\/05\/lukas-tannlos-med-griseore.jpg 600w, http:\/\/grete.duna.no\/blog\/wp-content\/uploads\/2010\/05\/lukas-tannlos-med-griseore-225x300.jpg 225w\" sizes=\"(max-width: 540px) 85vw, 540px\" \/><\/a><figcaption id=\"caption-attachment-2459\" class=\"wp-caption-text\">Hmm, hvordan skal man f\u00e5 has p\u00e5 et grise\u00f8re uten tenner til \u00e5 bite med, da?<\/figcaption><\/figure>\n","protected":false},"excerpt":{"rendered":"<p>Stakkars Lukas. N\u00e5 har han snart ikke tenner igjen i kjeften, b\u00e5de hj\u00f8rnetenner og sm\u00e5 jeksler har ramlet ut de siste dagene. Og s\u00e5 lyst som han har p\u00e5 grise\u00f8re! I ettermiddag satt han delvis og s\u00e5 frustrert p\u00e5 \u00f8ret og delvis lekte han med det omtrent som en kattunge leker med et garnn\u00f8ste. N\u00e5 &hellip; <a href=\"http:\/\/grete.duna.no\/blog\/2010\/05\/20\/tannl%c3%b8st-tr%c3%b8bbel\/\" class=\"more-link\">Continue reading<span class=\"screen-reader-text\"> &#8220;Tannl\u00f8st tr\u00f8bbel&#8221;<\/span><\/a><\/p>\n","protected":false},"author":2,"featured_media":0,"comment_status":"open","ping_status":"open","sticky":false,"template":"","format":"standard","meta":[],"categories":[39,4],"tags":[46],"_links":{"self":[{"href":"http:\/\/grete.duna.no\/blog\/wp-json\/wp\/v2\/posts\/2452"}],"collection":[{"href":"http:\/\/grete.duna.no\/blog\/wp-json\/wp\/v2\/posts"}],"about":[{"href":"http:\/\/grete.duna.no\/blog\/wp-json\/wp\/v2\/types\/post"}],"author":[{"embeddable":true,"href":"http:\/\/grete.duna.no\/blog\/wp-json\/wp\/v2\/users\/2"}],"replies":[{"embeddable":true,"href":"http:\/\/grete.duna.no\/blog\/wp-json\/wp\/v2\/comments?post=2452"}],"version-history":[{"count":3,"href":"http:\/\/grete.duna.no\/blog\/wp-json\/wp\/v2\/posts\/2452\/revisions"}],"predecessor-version":[{"id":2461,"href":"http:\/\/grete.duna.no\/blog\/wp-json\/wp\/v2\/posts\/2452\/revisions\/2461"}],"wp:attachment":[{"href":"http:\/\/grete.duna.no\/blog\/wp-json\/wp\/v2\/media?parent=2452"}],"wp:term":[{"taxonomy":"category","embeddable":true,"href":"http:\/\/grete.duna.no\/blog\/wp-json\/wp\/v2\/categories?post=2452"},{"taxonomy":"post_tag","embeddable":true,"href":"http:\/\/grete.duna.no\/blog\/wp-json\/wp\/v2\/tags?post=2452"}],"curies":[{"name":"wp","href":"https:\/\/api.w.org\/{rel}","templated":true}]}}