{"id":2481,"date":"2010-05-24T21:30:34","date_gmt":"2010-05-24T19:30:34","guid":{"rendered":"http:\/\/grete.duna.no\/blog\/?p=2481"},"modified":"2010-06-26T21:30:56","modified_gmt":"2010-06-26T19:30:56","slug":"g%c3%b8y-pa-landet","status":"publish","type":"post","link":"http:\/\/grete.duna.no\/blog\/2010\/05\/24\/g%c3%b8y-pa-landet\/","title":{"rendered":"G\u00f8y p\u00e5 landet"},"content":{"rendered":"<p>P\u00e5 vei hjem fra hytta i dag plantet jeg gutta i Oasen, og meg selv og Lukas hos Trine. Det var jo p\u00e5 tide at hunden fikk treffe Soffi igjen, og selvsagt p\u00e5 tide med litt kaffeslarv for oss tobeinte. Hundene fant ganske fort tonen &#8211; det vil si; Lukas er fortsatt litt spirrevipp og irriterer nok Soffi mer enn hun viser. Men hun er <strong>s\u00e5 <\/strong>t\u00e5lmodig og guidet i vei med en ivrig tilskuer.<\/p>\n<p style=\"text-align: center;\">\n<figure id=\"attachment_2482\" aria-describedby=\"caption-attachment-2482\" style=\"width: 540px\" class=\"wp-caption aligncenter\"><a href=\"http:\/\/grete.duna.no\/blog\/wp-content\/uploads\/2010\/05\/soffi-lukas3LR.jpg\"><img decoding=\"async\" loading=\"lazy\" class=\"size-full wp-image-2482 \" title=\"soffi-lukas3LR\" src=\"http:\/\/grete.duna.no\/blog\/wp-content\/uploads\/2010\/05\/soffi-lukas3LR.jpg\" alt=\"\" width=\"540\" height=\"540\" srcset=\"http:\/\/grete.duna.no\/blog\/wp-content\/uploads\/2010\/05\/soffi-lukas3LR.jpg 600w, http:\/\/grete.duna.no\/blog\/wp-content\/uploads\/2010\/05\/soffi-lukas3LR-180x180.jpg 180w, http:\/\/grete.duna.no\/blog\/wp-content\/uploads\/2010\/05\/soffi-lukas3LR-300x300.jpg 300w\" sizes=\"(max-width: 540px) 85vw, 540px\" \/><\/a><figcaption id=\"caption-attachment-2482\" class=\"wp-caption-text\">Der Soffi er, f\u00f8lger Lukas etter<\/figcaption><\/figure>\n<p>Lukas var i paradis der han hilste p\u00e5 hester, sauer og h\u00f8ns. Vel &#8211; sauene oppdaget han litt etter at han hadde v\u00e6rt p\u00e5 jordet og rullet i saueskitt&#8230; Det var tryggest \u00e5 la ham studere dem litt p\u00e5 avstand en stund. Heldigvis var det tydeligvis mer enn nok \u00e5 bare l\u00f8pe rundt, han terget ikke p\u00e5 seg noen av dyrene.<\/p>\n<p style=\"text-align: left;\">\n<figure id=\"attachment_2483\" aria-describedby=\"caption-attachment-2483\" style=\"width: 540px\" class=\"wp-caption aligncenter\"><a href=\"http:\/\/grete.duna.no\/blog\/wp-content\/uploads\/2010\/05\/lukas-ser-sauLR.jpg\"><img decoding=\"async\" loading=\"lazy\" class=\"size-full wp-image-2483 \" title=\"lukas-ser-sauLR\" src=\"http:\/\/grete.duna.no\/blog\/wp-content\/uploads\/2010\/05\/lukas-ser-sauLR.jpg\" alt=\"\" width=\"540\" height=\"282\" srcset=\"http:\/\/grete.duna.no\/blog\/wp-content\/uploads\/2010\/05\/lukas-ser-sauLR.jpg 600w, http:\/\/grete.duna.no\/blog\/wp-content\/uploads\/2010\/05\/lukas-ser-sauLR-300x156.jpg 300w\" sizes=\"(max-width: 540px) 85vw, 540px\" \/><\/a><figcaption id=\"caption-attachment-2483\" class=\"wp-caption-text\">Skulle vel gjerne l\u00f8pt ned dit og lekt litt...?<\/figcaption><\/figure>\n<p>Det var en trivelig ettermiddag for b\u00e5de Lukas og meg. Det var noks\u00e5 markant sauelukt av ham, og en dusj ventet s\u00e5 snart vi kom hjem. N\u00e5 lukter det <em>v\u00e5t sau <\/em>i stedet &#8230;<\/p>\n","protected":false},"excerpt":{"rendered":"<p>P\u00e5 vei hjem fra hytta i dag plantet jeg gutta i Oasen, og meg selv og Lukas hos Trine. Det var jo p\u00e5 tide at hunden fikk treffe Soffi igjen, og selvsagt p\u00e5 tide med litt kaffeslarv for oss tobeinte. Hundene fant ganske fort tonen &#8211; det vil si; Lukas er fortsatt litt spirrevipp og &hellip; <a href=\"http:\/\/grete.duna.no\/blog\/2010\/05\/24\/g%c3%b8y-pa-landet\/\" class=\"more-link\">Continue reading<span class=\"screen-reader-text\"> &#8220;G\u00f8y p\u00e5 landet&#8221;<\/span><\/a><\/p>\n","protected":false},"author":2,"featured_media":0,"comment_status":"open","ping_status":"open","sticky":false,"template":"","format":"standard","meta":[],"categories":[39],"tags":[46,84,56],"_links":{"self":[{"href":"http:\/\/grete.duna.no\/blog\/wp-json\/wp\/v2\/posts\/2481"}],"collection":[{"href":"http:\/\/grete.duna.no\/blog\/wp-json\/wp\/v2\/posts"}],"about":[{"href":"http:\/\/grete.duna.no\/blog\/wp-json\/wp\/v2\/types\/post"}],"author":[{"embeddable":true,"href":"http:\/\/grete.duna.no\/blog\/wp-json\/wp\/v2\/users\/2"}],"replies":[{"embeddable":true,"href":"http:\/\/grete.duna.no\/blog\/wp-json\/wp\/v2\/comments?post=2481"}],"version-history":[{"count":4,"href":"http:\/\/grete.duna.no\/blog\/wp-json\/wp\/v2\/posts\/2481\/revisions"}],"predecessor-version":[{"id":2486,"href":"http:\/\/grete.duna.no\/blog\/wp-json\/wp\/v2\/posts\/2481\/revisions\/2486"}],"wp:attachment":[{"href":"http:\/\/grete.duna.no\/blog\/wp-json\/wp\/v2\/media?parent=2481"}],"wp:term":[{"taxonomy":"category","embeddable":true,"href":"http:\/\/grete.duna.no\/blog\/wp-json\/wp\/v2\/categories?post=2481"},{"taxonomy":"post_tag","embeddable":true,"href":"http:\/\/grete.duna.no\/blog\/wp-json\/wp\/v2\/tags?post=2481"}],"curies":[{"name":"wp","href":"https:\/\/api.w.org\/{rel}","templated":true}]}}