{"id":24938,"date":"2020-05-31T20:41:14","date_gmt":"2020-05-31T18:41:14","guid":{"rendered":"https:\/\/grete.duna.no\/blog\/?p=24938"},"modified":"2020-05-31T20:41:14","modified_gmt":"2020-05-31T18:41:14","slug":"siste-mai","status":"publish","type":"post","link":"http:\/\/grete.duna.no\/blog\/2020\/05\/31\/siste-mai\/","title":{"rendered":"Siste mai"},"content":{"rendered":"<p><a href=\"https:\/\/grete.duna.no\/blog\/wp-content\/uploads\/2020\/05\/solfang-pinse20.jpg\"><img decoding=\"async\" loading=\"lazy\" class=\"alignright size-full wp-image-24946\" style=\"border: 1px solid black;\" src=\"https:\/\/grete.duna.no\/blog\/wp-content\/uploads\/2020\/05\/solfang-pinse20.jpg\" alt=\"\" width=\"1280\" height=\"720\" srcset=\"http:\/\/grete.duna.no\/blog\/wp-content\/uploads\/2020\/05\/solfang-pinse20.jpg 1280w, http:\/\/grete.duna.no\/blog\/wp-content\/uploads\/2020\/05\/solfang-pinse20-300x169.jpg 300w, http:\/\/grete.duna.no\/blog\/wp-content\/uploads\/2020\/05\/solfang-pinse20-1024x576.jpg 1024w, http:\/\/grete.duna.no\/blog\/wp-content\/uploads\/2020\/05\/solfang-pinse20-768x432.jpg 768w, http:\/\/grete.duna.no\/blog\/wp-content\/uploads\/2020\/05\/solfang-pinse20-1200x675.jpg 1200w\" sizes=\"(max-width: 709px) 85vw, (max-width: 909px) 67vw, (max-width: 1362px) 62vw, 840px\" \/><\/a>Avslutningen p\u00e5 v\u00e5ren ble en skikkelig forsmak p\u00e5 sommer! Lukas, Olav, Tobias og jeg har v\u00e6rt p\u00e5 hytta i pinsa, og drar ikke hjem f\u00f8r i morgen, andre pinsedag. De to dagene med sol og varme gjorde virkelig godt &#8211; vi har gjort nesten alle <em>sommerting<\/em>, med unntak av bading.<\/p>\n<p><a href=\"https:\/\/grete.duna.no\/blog\/wp-content\/uploads\/2020\/05\/lukas-leker.jpg\"><img decoding=\"async\" loading=\"lazy\" class=\"alignright size-full wp-image-24945\" style=\"border: 1px solid black;\" src=\"https:\/\/grete.duna.no\/blog\/wp-content\/uploads\/2020\/05\/lukas-leker.jpg\" alt=\"\" width=\"1280\" height=\"831\" srcset=\"http:\/\/grete.duna.no\/blog\/wp-content\/uploads\/2020\/05\/lukas-leker.jpg 1280w, http:\/\/grete.duna.no\/blog\/wp-content\/uploads\/2020\/05\/lukas-leker-300x195.jpg 300w, http:\/\/grete.duna.no\/blog\/wp-content\/uploads\/2020\/05\/lukas-leker-1024x665.jpg 1024w, http:\/\/grete.duna.no\/blog\/wp-content\/uploads\/2020\/05\/lukas-leker-768x499.jpg 768w, http:\/\/grete.duna.no\/blog\/wp-content\/uploads\/2020\/05\/lukas-leker-1200x779.jpg 1200w\" sizes=\"(max-width: 709px) 85vw, (max-width: 909px) 67vw, (max-width: 1362px) 62vw, 840px\" \/><\/a><\/p>\n<p>Lukas fikk ny lekeball, alltid klar for litt lek og moro!<a href=\"https:\/\/grete.duna.no\/blog\/wp-content\/uploads\/2020\/05\/grill-pa-utsikten.jpg\"><img decoding=\"async\" loading=\"lazy\" class=\"alignright size-full wp-image-24941\" style=\"border: 1px solid black;\" src=\"https:\/\/grete.duna.no\/blog\/wp-content\/uploads\/2020\/05\/grill-pa-utsikten.jpg\" alt=\"\" width=\"1280\" height=\"877\" srcset=\"http:\/\/grete.duna.no\/blog\/wp-content\/uploads\/2020\/05\/grill-pa-utsikten.jpg 1280w, http:\/\/grete.duna.no\/blog\/wp-content\/uploads\/2020\/05\/grill-pa-utsikten-300x206.jpg 300w, http:\/\/grete.duna.no\/blog\/wp-content\/uploads\/2020\/05\/grill-pa-utsikten-1024x702.jpg 1024w, http:\/\/grete.duna.no\/blog\/wp-content\/uploads\/2020\/05\/grill-pa-utsikten-768x526.jpg 768w, http:\/\/grete.duna.no\/blog\/wp-content\/uploads\/2020\/05\/grill-pa-utsikten-1200x822.jpg 1200w\" sizes=\"(max-width: 709px) 85vw, (max-width: 909px) 67vw, (max-width: 1362px) 62vw, 840px\" \/><\/a><\/p>\n<p>Olav og pappa ble <em>grill master chefs<\/em>, pinseaften var det storfamiliegrilling p\u00e5 Utsikten.<a href=\"https:\/\/grete.duna.no\/blog\/wp-content\/uploads\/2020\/05\/en-slags-pinsebal.jpg\"><img decoding=\"async\" loading=\"lazy\" class=\"alignright size-full wp-image-24940\" style=\"border: 1px solid black;\" src=\"https:\/\/grete.duna.no\/blog\/wp-content\/uploads\/2020\/05\/en-slags-pinsebal.jpg\" alt=\"\" width=\"1280\" height=\"502\" srcset=\"http:\/\/grete.duna.no\/blog\/wp-content\/uploads\/2020\/05\/en-slags-pinsebal.jpg 1280w, http:\/\/grete.duna.no\/blog\/wp-content\/uploads\/2020\/05\/en-slags-pinsebal-300x118.jpg 300w, http:\/\/grete.duna.no\/blog\/wp-content\/uploads\/2020\/05\/en-slags-pinsebal-1024x402.jpg 1024w, http:\/\/grete.duna.no\/blog\/wp-content\/uploads\/2020\/05\/en-slags-pinsebal-768x301.jpg 768w, http:\/\/grete.duna.no\/blog\/wp-content\/uploads\/2020\/05\/en-slags-pinsebal-1200x471.jpg 1200w\" sizes=\"(max-width: 709px) 85vw, (max-width: 909px) 67vw, (max-width: 1362px) 62vw, 840px\" \/><\/a><\/p>\n<p>Det ble en slags pinseb\u00e5l ogs\u00e5, men bare i t\u00f8nna med papirrask og den gamle benken \u2026 Og sjekk den blanke sj\u00f8en! Tobias var en svingom med River&#8217;n, men ellers har det ikke v\u00e6rt noe sj\u00f8liv forel\u00f8pig.<\/p>\n<p><a href=\"https:\/\/grete.duna.no\/blog\/wp-content\/uploads\/2020\/05\/blomster-mai20.jpg\"><img decoding=\"async\" loading=\"lazy\" class=\"alignright size-full wp-image-24939\" style=\"border: 1px solid black;\" src=\"https:\/\/grete.duna.no\/blog\/wp-content\/uploads\/2020\/05\/blomster-mai20.jpg\" alt=\"\" width=\"1280\" height=\"720\" srcset=\"http:\/\/grete.duna.no\/blog\/wp-content\/uploads\/2020\/05\/blomster-mai20.jpg 1280w, http:\/\/grete.duna.no\/blog\/wp-content\/uploads\/2020\/05\/blomster-mai20-300x169.jpg 300w, http:\/\/grete.duna.no\/blog\/wp-content\/uploads\/2020\/05\/blomster-mai20-1024x576.jpg 1024w, http:\/\/grete.duna.no\/blog\/wp-content\/uploads\/2020\/05\/blomster-mai20-768x432.jpg 768w, http:\/\/grete.duna.no\/blog\/wp-content\/uploads\/2020\/05\/blomster-mai20-1200x675.jpg 1200w\" sizes=\"(max-width: 709px) 85vw, (max-width: 909px) 67vw, (max-width: 1362px) 62vw, 840px\" \/><\/a><\/p>\n<p>Den gamle veddunken har blitt til blomsterdunk, og i dag fikk den sommerblomster. Det har blitt s\u00e5 gr\u00f8nt og frodig bare p\u00e5 noen dager n\u00e5, helt herlig!<a href=\"https:\/\/grete.duna.no\/blog\/wp-content\/uploads\/2020\/05\/liljekonvall-kommer.jpg\"><img decoding=\"async\" loading=\"lazy\" class=\"alignright size-full wp-image-24944\" style=\"border: 1px solid black;\" src=\"https:\/\/grete.duna.no\/blog\/wp-content\/uploads\/2020\/05\/liljekonvall-kommer.jpg\" alt=\"\" width=\"1280\" height=\"1132\" srcset=\"http:\/\/grete.duna.no\/blog\/wp-content\/uploads\/2020\/05\/liljekonvall-kommer.jpg 1280w, http:\/\/grete.duna.no\/blog\/wp-content\/uploads\/2020\/05\/liljekonvall-kommer-300x265.jpg 300w, http:\/\/grete.duna.no\/blog\/wp-content\/uploads\/2020\/05\/liljekonvall-kommer-1024x906.jpg 1024w, http:\/\/grete.duna.no\/blog\/wp-content\/uploads\/2020\/05\/liljekonvall-kommer-768x679.jpg 768w, http:\/\/grete.duna.no\/blog\/wp-content\/uploads\/2020\/05\/liljekonvall-kommer-1200x1061.jpg 1200w\" sizes=\"(max-width: 709px) 85vw, (max-width: 909px) 67vw, (max-width: 1362px) 62vw, 840px\" \/><\/a><\/p>\n<p>Liljekonvallene er i kj\u00f8mda overalt rundt hytta, de er og blir min favoritt \u2661<a href=\"https:\/\/grete.duna.no\/blog\/wp-content\/uploads\/2020\/05\/solsikke-hjelp.jpg\"><img decoding=\"async\" loading=\"lazy\" class=\"alignright size-full wp-image-24947\" style=\"border: 1px solid black;\" src=\"https:\/\/grete.duna.no\/blog\/wp-content\/uploads\/2020\/05\/solsikke-hjelp.jpg\" alt=\"\" width=\"1280\" height=\"747\" srcset=\"http:\/\/grete.duna.no\/blog\/wp-content\/uploads\/2020\/05\/solsikke-hjelp.jpg 1280w, http:\/\/grete.duna.no\/blog\/wp-content\/uploads\/2020\/05\/solsikke-hjelp-300x175.jpg 300w, http:\/\/grete.duna.no\/blog\/wp-content\/uploads\/2020\/05\/solsikke-hjelp-1024x598.jpg 1024w, http:\/\/grete.duna.no\/blog\/wp-content\/uploads\/2020\/05\/solsikke-hjelp-768x448.jpg 768w, http:\/\/grete.duna.no\/blog\/wp-content\/uploads\/2020\/05\/solsikke-hjelp-1200x700.jpg 1200w\" sizes=\"(max-width: 709px) 85vw, (max-width: 909px) 67vw, (max-width: 1362px) 62vw, 840px\" \/><\/a><\/p>\n<p>Sarte sm\u00e5 spirer av solsikker som pappa har s\u00e5dd &#8211; jeg er redd de kan komme til \u00e5 brekke, s\u00e5 jeg har laget litt st\u00f8tte til dem. Kryssser fingre og h\u00e5per de klarer seg til jeg kommer tilbake.<a href=\"https:\/\/grete.duna.no\/blog\/wp-content\/uploads\/2020\/05\/hammocken-oppe-igjen.jpg\"><img decoding=\"async\" loading=\"lazy\" class=\"alignright size-full wp-image-24942\" style=\"border: 1px solid black;\" src=\"https:\/\/grete.duna.no\/blog\/wp-content\/uploads\/2020\/05\/hammocken-oppe-igjen.jpg\" alt=\"\" width=\"855\" height=\"880\" srcset=\"http:\/\/grete.duna.no\/blog\/wp-content\/uploads\/2020\/05\/hammocken-oppe-igjen.jpg 855w, http:\/\/grete.duna.no\/blog\/wp-content\/uploads\/2020\/05\/hammocken-oppe-igjen-291x300.jpg 291w, http:\/\/grete.duna.no\/blog\/wp-content\/uploads\/2020\/05\/hammocken-oppe-igjen-768x790.jpg 768w\" sizes=\"(max-width: 709px) 85vw, (max-width: 909px) 67vw, (max-width: 1362px) 62vw, 840px\" \/><\/a><\/p>\n<p>Olav har jobba som en helt og montert opp nesten alle hage- og verandam\u00f8bler. For f\u00f8rste gang p\u00e5 noen \u00e5r er hammocken tilbake, og da blir jeg S\u00c5 glad. Favoritten min, det!<\/p>\n","protected":false},"excerpt":{"rendered":"<p>Avslutningen p\u00e5 v\u00e5ren ble en skikkelig forsmak p\u00e5 sommer! Lukas, Olav, Tobias og jeg har v\u00e6rt p\u00e5 hytta i pinsa, og drar ikke hjem f\u00f8r i morgen, andre pinsedag. De to dagene med sol og varme gjorde virkelig godt &#8211; vi har gjort nesten alle sommerting, med unntak av bading. Lukas fikk ny lekeball, alltid &hellip; <a href=\"http:\/\/grete.duna.no\/blog\/2020\/05\/31\/siste-mai\/\" class=\"more-link\">Continue reading<span class=\"screen-reader-text\"> &#8220;Siste mai&#8221;<\/span><\/a><\/p>\n","protected":false},"author":2,"featured_media":0,"comment_status":"open","ping_status":"open","sticky":false,"template":"","format":"standard","meta":[],"categories":[9,11,39,6,16],"tags":[293,26,46,7,18,28,17,76,13,22,74],"_links":{"self":[{"href":"http:\/\/grete.duna.no\/blog\/wp-json\/wp\/v2\/posts\/24938"}],"collection":[{"href":"http:\/\/grete.duna.no\/blog\/wp-json\/wp\/v2\/posts"}],"about":[{"href":"http:\/\/grete.duna.no\/blog\/wp-json\/wp\/v2\/types\/post"}],"author":[{"embeddable":true,"href":"http:\/\/grete.duna.no\/blog\/wp-json\/wp\/v2\/users\/2"}],"replies":[{"embeddable":true,"href":"http:\/\/grete.duna.no\/blog\/wp-json\/wp\/v2\/comments?post=24938"}],"version-history":[{"count":1,"href":"http:\/\/grete.duna.no\/blog\/wp-json\/wp\/v2\/posts\/24938\/revisions"}],"predecessor-version":[{"id":24948,"href":"http:\/\/grete.duna.no\/blog\/wp-json\/wp\/v2\/posts\/24938\/revisions\/24948"}],"wp:attachment":[{"href":"http:\/\/grete.duna.no\/blog\/wp-json\/wp\/v2\/media?parent=24938"}],"wp:term":[{"taxonomy":"category","embeddable":true,"href":"http:\/\/grete.duna.no\/blog\/wp-json\/wp\/v2\/categories?post=24938"},{"taxonomy":"post_tag","embeddable":true,"href":"http:\/\/grete.duna.no\/blog\/wp-json\/wp\/v2\/tags?post=24938"}],"curies":[{"name":"wp","href":"https:\/\/api.w.org\/{rel}","templated":true}]}}