{"id":24954,"date":"2020-06-09T21:32:25","date_gmt":"2020-06-09T19:32:25","guid":{"rendered":"https:\/\/grete.duna.no\/blog\/?p=24954"},"modified":"2020-06-09T21:32:25","modified_gmt":"2020-06-09T19:32:25","slug":"gjerde-og-hage","status":"publish","type":"post","link":"http:\/\/grete.duna.no\/blog\/2020\/06\/09\/gjerde-og-hage\/","title":{"rendered":"Gjerde og hage"},"content":{"rendered":"<p><a href=\"https:\/\/grete.duna.no\/blog\/wp-content\/uploads\/2020\/06\/gjerde-og-plen.jpg\"><img decoding=\"async\" loading=\"lazy\" class=\"alignright size-full wp-image-24957\" style=\"border: 1px solid black;\" src=\"https:\/\/grete.duna.no\/blog\/wp-content\/uploads\/2020\/06\/gjerde-og-plen.jpg\" alt=\"\" width=\"1280\" height=\"444\" srcset=\"http:\/\/grete.duna.no\/blog\/wp-content\/uploads\/2020\/06\/gjerde-og-plen.jpg 1280w, http:\/\/grete.duna.no\/blog\/wp-content\/uploads\/2020\/06\/gjerde-og-plen-300x104.jpg 300w, http:\/\/grete.duna.no\/blog\/wp-content\/uploads\/2020\/06\/gjerde-og-plen-1024x355.jpg 1024w, http:\/\/grete.duna.no\/blog\/wp-content\/uploads\/2020\/06\/gjerde-og-plen-768x266.jpg 768w, http:\/\/grete.duna.no\/blog\/wp-content\/uploads\/2020\/06\/gjerde-og-plen-1200x416.jpg 1200w\" sizes=\"(max-width: 709px) 85vw, (max-width: 909px) 67vw, (max-width: 1362px) 62vw, 840px\" \/><\/a><br \/>\nTenk, n\u00e5 har vi omsider f\u00e5tt oss gjerde igjen! Superflinke Mathias har st\u00f8pt og snekra, og <strong><em>vips!<\/em><\/strong> var det gjort.<\/p>\n<p><a href=\"https:\/\/grete.duna.no\/blog\/wp-content\/uploads\/2020\/06\/sondre-spar-jord.jpg\"><img decoding=\"async\" loading=\"lazy\" class=\"alignright size-full wp-image-24958\" style=\"border: 1px solid black;\" src=\"https:\/\/grete.duna.no\/blog\/wp-content\/uploads\/2020\/06\/sondre-spar-jord.jpg\" alt=\"\" width=\"1280\" height=\"763\" srcset=\"http:\/\/grete.duna.no\/blog\/wp-content\/uploads\/2020\/06\/sondre-spar-jord.jpg 1280w, http:\/\/grete.duna.no\/blog\/wp-content\/uploads\/2020\/06\/sondre-spar-jord-300x179.jpg 300w, http:\/\/grete.duna.no\/blog\/wp-content\/uploads\/2020\/06\/sondre-spar-jord-1024x610.jpg 1024w, http:\/\/grete.duna.no\/blog\/wp-content\/uploads\/2020\/06\/sondre-spar-jord-768x458.jpg 768w, http:\/\/grete.duna.no\/blog\/wp-content\/uploads\/2020\/06\/sondre-spar-jord-1200x715.jpg 1200w\" sizes=\"(max-width: 709px) 85vw, (max-width: 909px) 67vw, (max-width: 1362px) 62vw, 840px\" \/><\/a><br \/>\nOg ettersom robotgressklipper st\u00e5r veldig h\u00f8yt p\u00e5 \u00f8nskelista her i heimen, s\u00e5 har vi ogs\u00e5 kj\u00f8rt p\u00e5 et digert lass med jord for \u00e5 jevne grunnen litt. Det var litt av en innsats &#8211; av den samme Mathias og resten av gjengen her &#8211; for \u00e5 f\u00e5 det utover f\u00f8r det verste regnet dukket opp.<\/p>\n<p><a href=\"https:\/\/grete.duna.no\/blog\/wp-content\/uploads\/2020\/06\/flatere-plen.jpg\"><img decoding=\"async\" loading=\"lazy\" class=\"alignright size-full wp-image-24956\" style=\"border: 1px solid black;\" src=\"https:\/\/grete.duna.no\/blog\/wp-content\/uploads\/2020\/06\/flatere-plen.jpg\" alt=\"\" width=\"1280\" height=\"733\" srcset=\"http:\/\/grete.duna.no\/blog\/wp-content\/uploads\/2020\/06\/flatere-plen.jpg 1280w, http:\/\/grete.duna.no\/blog\/wp-content\/uploads\/2020\/06\/flatere-plen-300x172.jpg 300w, http:\/\/grete.duna.no\/blog\/wp-content\/uploads\/2020\/06\/flatere-plen-1024x586.jpg 1024w, http:\/\/grete.duna.no\/blog\/wp-content\/uploads\/2020\/06\/flatere-plen-768x440.jpg 768w, http:\/\/grete.duna.no\/blog\/wp-content\/uploads\/2020\/06\/flatere-plen-1200x687.jpg 1200w\" sizes=\"(max-width: 709px) 85vw, (max-width: 909px) 67vw, (max-width: 1362px) 62vw, 840px\" \/><\/a><br \/>\nVi rakk det omtrent akkurat, rakk ogs\u00e5 \u00e5 s\u00e5 gressfr\u00f8 (<em>utg\u00e5tt p\u00e5 dato i 2013!<\/em>) s\u00e5 n\u00e5 skal det bare spire og gro her.<\/p>\n<p><a href=\"https:\/\/grete.duna.no\/blog\/wp-content\/uploads\/2020\/06\/dekket-potetaker.jpg\"><img decoding=\"async\" loading=\"lazy\" class=\"alignright size-full wp-image-24955\" style=\"border: 1px solid black;\" src=\"https:\/\/grete.duna.no\/blog\/wp-content\/uploads\/2020\/06\/dekket-potetaker.jpg\" alt=\"\" width=\"1281\" height=\"757\" srcset=\"http:\/\/grete.duna.no\/blog\/wp-content\/uploads\/2020\/06\/dekket-potetaker.jpg 1281w, http:\/\/grete.duna.no\/blog\/wp-content\/uploads\/2020\/06\/dekket-potetaker-300x177.jpg 300w, http:\/\/grete.duna.no\/blog\/wp-content\/uploads\/2020\/06\/dekket-potetaker-1024x605.jpg 1024w, http:\/\/grete.duna.no\/blog\/wp-content\/uploads\/2020\/06\/dekket-potetaker-768x454.jpg 768w, http:\/\/grete.duna.no\/blog\/wp-content\/uploads\/2020\/06\/dekket-potetaker-1200x709.jpg 1200w\" sizes=\"(max-width: 709px) 85vw, (max-width: 909px) 67vw, (max-width: 1362px) 62vw, 840px\" \/><\/a><\/p>\n<p>\u2026 og s\u00e5 skal vi tenke p\u00e5 \u00e5 skifte ut resten av gjerdet mot naboene &#8211; eventuelt male det!<\/p>\n","protected":false},"excerpt":{"rendered":"<p>Tenk, n\u00e5 har vi omsider f\u00e5tt oss gjerde igjen! Superflinke Mathias har st\u00f8pt og snekra, og vips! var det gjort. Og ettersom robotgressklipper st\u00e5r veldig h\u00f8yt p\u00e5 \u00f8nskelista her i heimen, s\u00e5 har vi ogs\u00e5 kj\u00f8rt p\u00e5 et digert lass med jord for \u00e5 jevne grunnen litt. Det var litt av en innsats &#8211; av &hellip; <a href=\"http:\/\/grete.duna.no\/blog\/2020\/06\/09\/gjerde-og-hage\/\" class=\"more-link\">Continue reading<span class=\"screen-reader-text\"> &#8220;Gjerde og hage&#8221;<\/span><\/a><\/p>\n","protected":false},"author":2,"featured_media":0,"comment_status":"open","ping_status":"open","sticky":false,"template":"","format":"standard","meta":[],"categories":[9,11,43],"tags":[101,26,162,23,21,131],"_links":{"self":[{"href":"http:\/\/grete.duna.no\/blog\/wp-json\/wp\/v2\/posts\/24954"}],"collection":[{"href":"http:\/\/grete.duna.no\/blog\/wp-json\/wp\/v2\/posts"}],"about":[{"href":"http:\/\/grete.duna.no\/blog\/wp-json\/wp\/v2\/types\/post"}],"author":[{"embeddable":true,"href":"http:\/\/grete.duna.no\/blog\/wp-json\/wp\/v2\/users\/2"}],"replies":[{"embeddable":true,"href":"http:\/\/grete.duna.no\/blog\/wp-json\/wp\/v2\/comments?post=24954"}],"version-history":[{"count":2,"href":"http:\/\/grete.duna.no\/blog\/wp-json\/wp\/v2\/posts\/24954\/revisions"}],"predecessor-version":[{"id":24960,"href":"http:\/\/grete.duna.no\/blog\/wp-json\/wp\/v2\/posts\/24954\/revisions\/24960"}],"wp:attachment":[{"href":"http:\/\/grete.duna.no\/blog\/wp-json\/wp\/v2\/media?parent=24954"}],"wp:term":[{"taxonomy":"category","embeddable":true,"href":"http:\/\/grete.duna.no\/blog\/wp-json\/wp\/v2\/categories?post=24954"},{"taxonomy":"post_tag","embeddable":true,"href":"http:\/\/grete.duna.no\/blog\/wp-json\/wp\/v2\/tags?post=24954"}],"curies":[{"name":"wp","href":"https:\/\/api.w.org\/{rel}","templated":true}]}}