{"id":5363,"date":"2010-11-10T07:05:12","date_gmt":"2010-11-10T06:05:12","guid":{"rendered":"http:\/\/grete.duna.no\/blog\/?p=5363"},"modified":"2016-08-16T11:14:20","modified_gmt":"2016-08-16T09:14:20","slug":"det-er-den-eneste-glede","status":"publish","type":"post","link":"http:\/\/grete.duna.no\/blog\/2010\/11\/10\/det-er-den-eneste-glede\/","title":{"rendered":"&#8230; det er den eneste glede"},"content":{"rendered":"<p>Jeg hadde en l\u00e6rerinne p\u00e5 skolen en gang som jeg ikke skal si noe s\u00e6rlig om, fordi jeg ikke har mye positivt \u00e5 si om henne. Men hun l\u00e6rte meg <a href=\"http:\/\/no.wikipedia.org\/wiki\/Arnulf_%C3%98verland\">Arnulf \u00d8verland<\/a>s <em>En Hustavle<\/em>, og den har sittet spikret i alle \u00e5r etterp\u00e5. Og det er jo ingen dum l\u00e6rdom \u00e5 ha med seg, s\u00e5nn generelt.<\/p>\n<p>I dag har Trine bursdag, <strong>gratulerer s\u00e5 masse med dagen!<\/strong> I helga ble jeg ferdig med anorakken jeg har sydd til henne, og det var kjempemorsomt at hun ble s\u00e5 glad for den. Den har sine skavanker med feil, skjevheter og mangler. Men den er i alle fall sydd med omtanke og gitt bort med glede, og jeg gjentar gjerne bedriften n\u00e5r den (forh\u00e5pentligvis) blir utslitt.<\/p>\n<figure id=\"attachment_5364\" aria-describedby=\"caption-attachment-5364\" style=\"width: 540px\" class=\"wp-caption aligncenter\"><a href=\"http:\/\/grete.duna.no\/blog\/wp-content\/uploads\/2010\/11\/trine-med-anorakk.jpg\"><img decoding=\"async\" loading=\"lazy\" class=\"size-full wp-image-5364 \" style=\"border: 1px solid black; margin-top: 1px; margin-bottom: 1px;\" title=\"trine-med-anorakk\" src=\"http:\/\/grete.duna.no\/blog\/wp-content\/uploads\/2010\/11\/trine-med-anorakk.jpg\" alt=\"\" width=\"540\" height=\"294\" srcset=\"http:\/\/grete.duna.no\/blog\/wp-content\/uploads\/2010\/11\/trine-med-anorakk.jpg 600w, http:\/\/grete.duna.no\/blog\/wp-content\/uploads\/2010\/11\/trine-med-anorakk-300x163.jpg 300w\" sizes=\"(max-width: 540px) 85vw, 540px\" \/><\/a><figcaption id=\"caption-attachment-5364\" class=\"wp-caption-text\">Trine har f\u00e5tt ny anorakk, stilig sammen med kortbukser i sn\u00f8en!<\/figcaption><\/figure>\n<p>Det er sant at det er en sann glede \u00e5 gj\u00f8re andre glade. Det er bare blitt s\u00e5 forferdelig vanskelig. Alle har <em>alt<\/em>. Eller de har \u00f8nsker som min \u00f8konomi eller tid ikke kan etterkomme. S\u00e5 n\u00e5r jeg h\u00f8rer <em>&#8220;s\u00e5nn \u00f8nsker jeg meg&#8221;<\/em> og vet at jeg kan gj\u00f8re noe med det, da er det godt \u00e5 kunne sl\u00e5 til. Det var nemlig det Trine og s\u00f8ster sa en gang sist vinter, og n\u00e5 har begge f\u00e5tt anorakker av meg. Artig, synes jeg.<\/p>\n<div id=\"msgcns!423992425A92F672!329\">\n<div>\n<blockquote><p><strong>En Hustavle<\/strong><\/p>\n<p>Det er en lykke i livet<br \/>\nsom ikke kan vendes til lede:<br \/>\nDet at du gleder en annen,<br \/>\ndet er den eneste glede.<\/p>\n<p>Det er en sorg i verden<br \/>\nsom ingen t\u00e5rer kan lette:<br \/>\nDen at det var forsent<br \/>\nda du skj\u00f8nte dette.<\/p>\n<p>Ingen kan resten av tiden<br \/>\nst\u00e5 ved en grav \u00e5 klage.<br \/>\nD\u00f8gnet har mange timer.<br \/>\n\u00c5ret har mange dage.<\/p>\n<p style=\"text-align: right;\"><em>Arnulf \u00d8verland, 1929<\/em><\/p>\n<\/blockquote>\n<p>Neste \u00e5r skal jeg sy mer. For eksempel en ny anorakk til meg selv. Den jeg har n\u00e5 er nesten ikke lenger brukbar, men jeg har sydd p\u00e5 nye mansjetter p\u00e5 ermene, det hjelper nok en stund.<\/p>\n<\/div>\n<\/div>\n","protected":false},"excerpt":{"rendered":"<p>Jeg hadde en l\u00e6rerinne p\u00e5 skolen en gang som jeg ikke skal si noe s\u00e6rlig om, fordi jeg ikke har mye positivt \u00e5 si om henne. Men hun l\u00e6rte meg Arnulf \u00d8verlands En Hustavle, og den har sittet spikret i alle \u00e5r etterp\u00e5. Og det er jo ingen dum l\u00e6rdom \u00e5 ha med seg, s\u00e5nn &hellip; <a href=\"http:\/\/grete.duna.no\/blog\/2010\/11\/10\/det-er-den-eneste-glede\/\" class=\"more-link\">Continue reading<span class=\"screen-reader-text\"> &#8220;&#8230; det er den eneste glede&#8221;<\/span><\/a><\/p>\n","protected":false},"author":2,"featured_media":0,"comment_status":"open","ping_status":"open","sticky":false,"template":"","format":"standard","meta":[],"categories":[9,11,14],"tags":[260,24,68,56],"_links":{"self":[{"href":"http:\/\/grete.duna.no\/blog\/wp-json\/wp\/v2\/posts\/5363"}],"collection":[{"href":"http:\/\/grete.duna.no\/blog\/wp-json\/wp\/v2\/posts"}],"about":[{"href":"http:\/\/grete.duna.no\/blog\/wp-json\/wp\/v2\/types\/post"}],"author":[{"embeddable":true,"href":"http:\/\/grete.duna.no\/blog\/wp-json\/wp\/v2\/users\/2"}],"replies":[{"embeddable":true,"href":"http:\/\/grete.duna.no\/blog\/wp-json\/wp\/v2\/comments?post=5363"}],"version-history":[{"count":10,"href":"http:\/\/grete.duna.no\/blog\/wp-json\/wp\/v2\/posts\/5363\/revisions"}],"predecessor-version":[{"id":18347,"href":"http:\/\/grete.duna.no\/blog\/wp-json\/wp\/v2\/posts\/5363\/revisions\/18347"}],"wp:attachment":[{"href":"http:\/\/grete.duna.no\/blog\/wp-json\/wp\/v2\/media?parent=5363"}],"wp:term":[{"taxonomy":"category","embeddable":true,"href":"http:\/\/grete.duna.no\/blog\/wp-json\/wp\/v2\/categories?post=5363"},{"taxonomy":"post_tag","embeddable":true,"href":"http:\/\/grete.duna.no\/blog\/wp-json\/wp\/v2\/tags?post=5363"}],"curies":[{"name":"wp","href":"https:\/\/api.w.org\/{rel}","templated":true}]}}