{"id":8838,"date":"2011-09-06T00:04:56","date_gmt":"2011-09-05T22:04:56","guid":{"rendered":"http:\/\/grete.duna.no\/blog\/?p=8838"},"modified":"2011-09-05T22:18:59","modified_gmt":"2011-09-05T20:18:59","slug":"charterfeber","status":"publish","type":"post","link":"http:\/\/grete.duna.no\/blog\/2011\/09\/06\/charterfeber\/","title":{"rendered":"Charterfeber"},"content":{"rendered":"<p>Vi vil til <em>Syden<\/em>, vi. Det er vel p\u00e5 tide at vi tar en ferie igjen, s\u00e5nn utenom turene p\u00e5 hytta. Det er klart at Solfang er paradiset v\u00e5rt, og det stedet vi alltid vil komme tilbake til. Men \u00e9n gang m\u00e5 vi ta oss litt sammen og forsyne oss av opplevelser litt utenfor Tr\u00f8ndelag ogs\u00e5. Tvillingene har ikke v\u00e6r med p\u00e5 langtur etter at vi kj\u00f8rte tur\/retur Venezia i 2006. S\u00e5 da er det vel p\u00e5 tide? Vi f\u00e5r benytte sjansen mens de <em>vil<\/em> bli med oss ogs\u00e5. Turen er bestilt til p\u00e5skeferien, s\u00e5 det er bare \u00e5 vente 207 dager! Men da har vi litt tid til \u00e5 spare til lommepenger, i alle fall! <em>(Ja &#8211; avbestillingsforsikring er tegnet, tenk om noen av oss skulle v\u00e6re rygghandicappet og ikke kan dra&#8230;.)<\/em><\/p>\n<figure id=\"attachment_8840\" aria-describedby=\"caption-attachment-8840\" style=\"width: 540px\" class=\"wp-caption aligncenter\"><a href=\"http:\/\/grete.duna.no\/blog\/wp-content\/uploads\/2011\/09\/villa-santa-ana.jpg\"><img decoding=\"async\" loading=\"lazy\" class=\"size-full wp-image-8840 \" style=\"border: 1px solid black; margin-top: 1px; margin-bottom: 1px;\" title=\"villa-santa-ana\" src=\"http:\/\/grete.duna.no\/blog\/wp-content\/uploads\/2011\/09\/villa-santa-ana.jpg\" alt=\"\" width=\"540\" height=\"185\" srcset=\"http:\/\/grete.duna.no\/blog\/wp-content\/uploads\/2011\/09\/villa-santa-ana.jpg 900w, http:\/\/grete.duna.no\/blog\/wp-content\/uploads\/2011\/09\/villa-santa-ana-300x103.jpg 300w\" sizes=\"(max-width: 540px) 85vw, 540px\" \/><\/a><figcaption id=\"caption-attachment-8840\" class=\"wp-caption-text\">Villas Santa Ana heter bungalow-komplekset der vi skal bo<\/figcaption><\/figure>\n<p>Gutta har <em>aldri<\/em> v\u00e6rt i Syden, og <strong>alle<\/strong> andre drar jo til stadighet. Det f\u00e5r bli en passende <em>siste f\u00f8r ten\u00e5ring<\/em>-ferie. Og s\u00e5 er det litt godt \u00e5 tenke p\u00e5 sommervarme litt p\u00e5 forskudd til neste v\u00e5r \ud83d\ude09<\/p>\n","protected":false},"excerpt":{"rendered":"<p>Vi vil til Syden, vi. Det er vel p\u00e5 tide at vi tar en ferie igjen, s\u00e5nn utenom turene p\u00e5 hytta. Det er klart at Solfang er paradiset v\u00e5rt, og det stedet vi alltid vil komme tilbake til. Men \u00e9n gang m\u00e5 vi ta oss litt sammen og forsyne oss av opplevelser litt utenfor Tr\u00f8ndelag &hellip; <a href=\"http:\/\/grete.duna.no\/blog\/2011\/09\/06\/charterfeber\/\" class=\"more-link\">Continue reading<span class=\"screen-reader-text\"> &#8220;Charterfeber&#8221;<\/span><\/a><\/p>\n","protected":false},"author":2,"featured_media":0,"comment_status":"open","ping_status":"open","sticky":false,"template":"","format":"standard","meta":[],"categories":[9,11],"tags":[53,136],"_links":{"self":[{"href":"http:\/\/grete.duna.no\/blog\/wp-json\/wp\/v2\/posts\/8838"}],"collection":[{"href":"http:\/\/grete.duna.no\/blog\/wp-json\/wp\/v2\/posts"}],"about":[{"href":"http:\/\/grete.duna.no\/blog\/wp-json\/wp\/v2\/types\/post"}],"author":[{"embeddable":true,"href":"http:\/\/grete.duna.no\/blog\/wp-json\/wp\/v2\/users\/2"}],"replies":[{"embeddable":true,"href":"http:\/\/grete.duna.no\/blog\/wp-json\/wp\/v2\/comments?post=8838"}],"version-history":[{"count":8,"href":"http:\/\/grete.duna.no\/blog\/wp-json\/wp\/v2\/posts\/8838\/revisions"}],"predecessor-version":[{"id":8847,"href":"http:\/\/grete.duna.no\/blog\/wp-json\/wp\/v2\/posts\/8838\/revisions\/8847"}],"wp:attachment":[{"href":"http:\/\/grete.duna.no\/blog\/wp-json\/wp\/v2\/media?parent=8838"}],"wp:term":[{"taxonomy":"category","embeddable":true,"href":"http:\/\/grete.duna.no\/blog\/wp-json\/wp\/v2\/categories?post=8838"},{"taxonomy":"post_tag","embeddable":true,"href":"http:\/\/grete.duna.no\/blog\/wp-json\/wp\/v2\/tags?post=8838"}],"curies":[{"name":"wp","href":"https:\/\/api.w.org\/{rel}","templated":true}]}}