{"id":10213,"date":"2012-01-24T21:46:20","date_gmt":"2012-01-24T20:46:20","guid":{"rendered":"http:\/\/grete.duna.no\/blog\/?p=10213"},"modified":"2012-01-24T21:46:20","modified_gmt":"2012-01-24T20:46:20","slug":"skam-dere","status":"publish","type":"post","link":"https:\/\/grete.duna.no\/blog\/2012\/01\/24\/skam-dere\/","title":{"rendered":"Skam dere"},"content":{"rendered":"<p>&#8230; dere som lufter hund uten \u00e5 plukke opp dritten etter den! <em>Alle<\/em> sier de <em>alltid<\/em> plukker opp, s\u00e5 hvem er disse snikskiterne som forurenser alt av gater, stier, fortau og lekeplasser? Er folk virkelig s\u00e5 teite at de lar det ligge n\u00e5r ingen ser dem? Eller gir de bare blaffen? Syns ikke <em>de<\/em> det er vemmelig \u00e5 g\u00e5 slal\u00e5m mellom rusene? Det er bra at <a href=\"http:\/\/www.adressa.no\/nyheter\/trondheim\/article1762964.ece\">avisene skriver om dette<\/a>, men jeg er redd det hjelper lite. For det er jo ingen som innr\u00f8mmer at de tilh\u00f8rer denne gjengen som det skrives om. B\u00f8telegging hadde v\u00e6rt suverent, men hvordan skal det gjennomf\u00f8res &#8211; spanere i buskene kanskje? Jeg sier i alle fall <strong>skam dere<\/strong>! Grisete, er det.<\/p>\n<figure id=\"attachment_10214\" aria-describedby=\"caption-attachment-10214\" style=\"width: 540px\" class=\"wp-caption aligncenter\"><a href=\"http:\/\/grete.duna.no\/blog\/wp-content\/uploads\/2012\/01\/gatelangs_16x7-1_1251903c.jpg\"><img decoding=\"async\" loading=\"lazy\" class=\" wp-image-10214 \" style=\"border: 1px solid black; margin-top: 1px; margin-bottom: 1px;\" title=\"gatelangs_16x7-1_1251903c\" src=\"http:\/\/grete.duna.no\/blog\/wp-content\/uploads\/2012\/01\/gatelangs_16x7-1_1251903c.jpg\" alt=\"\" width=\"540\" height=\"222\" srcset=\"https:\/\/grete.duna.no\/blog\/wp-content\/uploads\/2012\/01\/gatelangs_16x7-1_1251903c.jpg 600w, https:\/\/grete.duna.no\/blog\/wp-content\/uploads\/2012\/01\/gatelangs_16x7-1_1251903c-300x123.jpg 300w\" sizes=\"(max-width: 540px) 85vw, 540px\" \/><\/a><figcaption id=\"caption-attachment-10214\" class=\"wp-caption-text\">Bilde fra adressa.no \u2013 det er ikke noe bedre i boligfelt eller lysl\u00f8ypa!<\/figcaption><\/figure>\n<p>Jeg har <a href=\"http:\/\/grete.duna.no\/blog\/2010\/03\/09\/skitprat-om-skikkelig-griseri\/\">skrevet om dette<\/a> tidligere ogs\u00e5. Det har dessverre absolutt ikke blitt bedre etter den gangen. Fysj og fysj han v\u00e6re!<\/p>\n","protected":false},"excerpt":{"rendered":"<p>&#8230; dere som lufter hund uten \u00e5 plukke opp dritten etter den! Alle sier de alltid plukker opp, s\u00e5 hvem er disse snikskiterne som forurenser alt av gater, stier, fortau og lekeplasser? Er folk virkelig s\u00e5 teite at de lar det ligge n\u00e5r ingen ser dem? Eller gir de bare blaffen? Syns ikke de det &hellip; <a href=\"https:\/\/grete.duna.no\/blog\/2012\/01\/24\/skam-dere\/\" class=\"more-link\">Continue reading<span class=\"screen-reader-text\"> &#8220;Skam dere&#8221;<\/span><\/a><\/p>\n","protected":false},"author":2,"featured_media":0,"comment_status":"open","ping_status":"open","sticky":false,"template":"","format":"standard","meta":[],"categories":[11,39,54],"tags":[120],"_links":{"self":[{"href":"https:\/\/grete.duna.no\/blog\/wp-json\/wp\/v2\/posts\/10213"}],"collection":[{"href":"https:\/\/grete.duna.no\/blog\/wp-json\/wp\/v2\/posts"}],"about":[{"href":"https:\/\/grete.duna.no\/blog\/wp-json\/wp\/v2\/types\/post"}],"author":[{"embeddable":true,"href":"https:\/\/grete.duna.no\/blog\/wp-json\/wp\/v2\/users\/2"}],"replies":[{"embeddable":true,"href":"https:\/\/grete.duna.no\/blog\/wp-json\/wp\/v2\/comments?post=10213"}],"version-history":[{"count":5,"href":"https:\/\/grete.duna.no\/blog\/wp-json\/wp\/v2\/posts\/10213\/revisions"}],"predecessor-version":[{"id":10219,"href":"https:\/\/grete.duna.no\/blog\/wp-json\/wp\/v2\/posts\/10213\/revisions\/10219"}],"wp:attachment":[{"href":"https:\/\/grete.duna.no\/blog\/wp-json\/wp\/v2\/media?parent=10213"}],"wp:term":[{"taxonomy":"category","embeddable":true,"href":"https:\/\/grete.duna.no\/blog\/wp-json\/wp\/v2\/categories?post=10213"},{"taxonomy":"post_tag","embeddable":true,"href":"https:\/\/grete.duna.no\/blog\/wp-json\/wp\/v2\/tags?post=10213"}],"curies":[{"name":"wp","href":"https:\/\/api.w.org\/{rel}","templated":true}]}}