{"id":108,"date":"2009-04-26T18:41:36","date_gmt":"2009-04-26T17:41:36","guid":{"rendered":"http:\/\/grete.duna.no\/blog\/?p=108"},"modified":"2009-12-15T22:13:04","modified_gmt":"2009-12-15T21:13:04","slug":"lys-i-tunnellen","status":"publish","type":"post","link":"https:\/\/grete.duna.no\/blog\/2009\/04\/26\/lys-i-tunnellen\/","title":{"rendered":"Lys i tunnellen"},"content":{"rendered":"<p>Helgen er nesten over. V\u00e6ret har v\u00e6rt helt fantastisk, sol og varmt. Men jeg har ikke f\u00e5tt kjenne noe av det, dessverre. Jeg har v\u00e6rt p\u00e5 jobb hele tiden, selv om mengden arbeid har v\u00e6rt litt opp og ned. Hovedform\u00e5let med helgen var \u00e5 sette scenen for kommunikasjonsstaben. Og jeg tror det var en suksess. En hel del effektive og produktive m\u00f8ter har gitt \u00f8nsket resultat for journalister, reportere og fotografer. De har v\u00e6rt ute og pr\u00f8vd i praksis det de har l\u00e6rt og de har hatt god veiledning underveis. Jeg har bare v\u00e6rt organisator og observat\u00f8r, men det jeg har sett har gjort meg rolig &#8211; enda roligere enn sist helg. Jeg f\u00f8ler at vi er p\u00e5 rett vei og jeg er sikker p\u00e5 at vi skal klare det som trenger \u00e5 gj\u00f8res p\u00e5 landsleiren i juli. Takk til dere alle, dere er en super gjeng!<\/p>\n<p>Jeg greide ogs\u00e5 \u00e5 f\u00e5 unna litt jobb-jobb. Det er egentlig ganske greit \u00e5 v\u00e6re p\u00e5 jobb i helgen med masse plass og stillhet til \u00e5 rydde i saker og ting uforstyrret. Jeg lengter fortsatt til neste helg, men alt i alt var dette en tilfredsstillende en. Og jeg kan m\u00f8te den ordin\u00e6re arbeidsdagen litt mindre p\u00e5 h\u00e6la i morgen.<\/p>\n","protected":false},"excerpt":{"rendered":"<p>Helgen er nesten over. V\u00e6ret har v\u00e6rt helt fantastisk, sol og varmt. Men jeg har ikke f\u00e5tt kjenne noe av det, dessverre. Jeg har v\u00e6rt p\u00e5 jobb hele tiden, selv om mengden arbeid har v\u00e6rt litt opp og ned. Hovedform\u00e5let med helgen var \u00e5 sette scenen for kommunikasjonsstaben. Og jeg tror det var en suksess. &hellip; <a href=\"https:\/\/grete.duna.no\/blog\/2009\/04\/26\/lys-i-tunnellen\/\" class=\"more-link\">Continue reading<span class=\"screen-reader-text\"> &#8220;Lys i tunnellen&#8221;<\/span><\/a><\/p>\n","protected":false},"author":2,"featured_media":0,"comment_status":"open","ping_status":"open","sticky":false,"template":"","format":"standard","meta":[],"categories":[10,15],"tags":[222,224],"_links":{"self":[{"href":"https:\/\/grete.duna.no\/blog\/wp-json\/wp\/v2\/posts\/108"}],"collection":[{"href":"https:\/\/grete.duna.no\/blog\/wp-json\/wp\/v2\/posts"}],"about":[{"href":"https:\/\/grete.duna.no\/blog\/wp-json\/wp\/v2\/types\/post"}],"author":[{"embeddable":true,"href":"https:\/\/grete.duna.no\/blog\/wp-json\/wp\/v2\/users\/2"}],"replies":[{"embeddable":true,"href":"https:\/\/grete.duna.no\/blog\/wp-json\/wp\/v2\/comments?post=108"}],"version-history":[{"count":3,"href":"https:\/\/grete.duna.no\/blog\/wp-json\/wp\/v2\/posts\/108\/revisions"}],"predecessor-version":[{"id":110,"href":"https:\/\/grete.duna.no\/blog\/wp-json\/wp\/v2\/posts\/108\/revisions\/110"}],"wp:attachment":[{"href":"https:\/\/grete.duna.no\/blog\/wp-json\/wp\/v2\/media?parent=108"}],"wp:term":[{"taxonomy":"category","embeddable":true,"href":"https:\/\/grete.duna.no\/blog\/wp-json\/wp\/v2\/categories?post=108"},{"taxonomy":"post_tag","embeddable":true,"href":"https:\/\/grete.duna.no\/blog\/wp-json\/wp\/v2\/tags?post=108"}],"curies":[{"name":"wp","href":"https:\/\/api.w.org\/{rel}","templated":true}]}}