{"id":120,"date":"2009-04-30T11:03:15","date_gmt":"2009-04-30T10:03:15","guid":{"rendered":"http:\/\/grete.duna.no\/blog\/?p=120"},"modified":"2011-02-01T20:02:32","modified_gmt":"2011-02-01T19:02:32","slug":"ut-a-spise","status":"publish","type":"post","link":"https:\/\/grete.duna.no\/blog\/2009\/04\/30\/ut-a-spise\/","title":{"rendered":"Ut \u00e5 spise?"},"content":{"rendered":"<p>Forrige uke laget jeg en kjempediskusjon om et spr\u00e5ktema. Jeg har en f\u00f8lelse for spr\u00e5ket mitt, men jeg er p\u00e5 ingen m\u00e5te fanatisk. Jeg er heller ikke kjent med n\u00f8yaktige regler for enhver bruk av ord eller uttrykk. Diskusjonen dreide seg om bruken av konjunksjonen <em>og <\/em>eller infinitivsmerket <em>\u00e5<\/em>. Ville du si &#8220;ut \u00e5 spise&#8221; eller &#8220;ut og spise&#8221; hvis uttrykket var isolert og kun det? Uten \u00e5 implisere andre ord for \u00e5 gi uttrykket en spesiell mening som &#8220;Skal vi g\u00e5 ut for \u00e5 spise&#8221; eller &#8220;Skal vi g\u00e5 ut og spise&#8221;. Jeg endte med \u00e5 vedde p\u00e5 at jeg hadde rett.<\/p>\n<p>Responsen p\u00e5 sp\u00f8rsm\u00e5l om dette til alle kollegaer var overveldende. Det p\u00e5gikk en hel dag p\u00e5 jobb og skapte h\u00f8ylytte diskusjoner i gangene, s\u00e5vel som i lunsjen. Jeg vet hva jeg mener er den riktige bruken, selv om jeg kan se noen grensetilfeller n\u00e5r den korte, ufullstendige setningen spesifiseres litt mer. Jeg er allikevel forn\u00f8yd med den surveyen jeg sendte ut som endte med 28-16 stemmer i min fav\u00f8r. Motstanderne har tydeligvis ingen intensjon om \u00e5 gi seg. S\u00e5 for fredens (og fortsatt vennskaps) skyld betalte jeg det bel\u00f8pet jeg veddet. Jeg syns det var en liten sum \u00e5 betale for den moralske seieren. Kanskje jeg kan g\u00e5 ut \u00e5 spise for \u00e5 feire \ud83d\ude42<\/p>\n","protected":false},"excerpt":{"rendered":"<p>Forrige uke laget jeg en kjempediskusjon om et spr\u00e5ktema. Jeg har en f\u00f8lelse for spr\u00e5ket mitt, men jeg er p\u00e5 ingen m\u00e5te fanatisk. Jeg er heller ikke kjent med n\u00f8yaktige regler for enhver bruk av ord eller uttrykk. Diskusjonen dreide seg om bruken av konjunksjonen og eller infinitivsmerket \u00e5. Ville du si &#8220;ut \u00e5 spise&#8221; &hellip; <a href=\"https:\/\/grete.duna.no\/blog\/2009\/04\/30\/ut-a-spise\/\" class=\"more-link\">Continue reading<span class=\"screen-reader-text\"> &#8220;Ut \u00e5 spise?&#8221;<\/span><\/a><\/p>\n","protected":false},"author":2,"featured_media":0,"comment_status":"open","ping_status":"open","sticky":false,"template":"","format":"standard","meta":[],"categories":[10,54,14],"tags":[57,48,55],"_links":{"self":[{"href":"https:\/\/grete.duna.no\/blog\/wp-json\/wp\/v2\/posts\/120"}],"collection":[{"href":"https:\/\/grete.duna.no\/blog\/wp-json\/wp\/v2\/posts"}],"about":[{"href":"https:\/\/grete.duna.no\/blog\/wp-json\/wp\/v2\/types\/post"}],"author":[{"embeddable":true,"href":"https:\/\/grete.duna.no\/blog\/wp-json\/wp\/v2\/users\/2"}],"replies":[{"embeddable":true,"href":"https:\/\/grete.duna.no\/blog\/wp-json\/wp\/v2\/comments?post=120"}],"version-history":[{"count":5,"href":"https:\/\/grete.duna.no\/blog\/wp-json\/wp\/v2\/posts\/120\/revisions"}],"predecessor-version":[{"id":6451,"href":"https:\/\/grete.duna.no\/blog\/wp-json\/wp\/v2\/posts\/120\/revisions\/6451"}],"wp:attachment":[{"href":"https:\/\/grete.duna.no\/blog\/wp-json\/wp\/v2\/media?parent=120"}],"wp:term":[{"taxonomy":"category","embeddable":true,"href":"https:\/\/grete.duna.no\/blog\/wp-json\/wp\/v2\/categories?post=120"},{"taxonomy":"post_tag","embeddable":true,"href":"https:\/\/grete.duna.no\/blog\/wp-json\/wp\/v2\/tags?post=120"}],"curies":[{"name":"wp","href":"https:\/\/api.w.org\/{rel}","templated":true}]}}