{"id":12008,"date":"2012-08-17T00:07:24","date_gmt":"2012-08-16T22:07:24","guid":{"rendered":"http:\/\/grete.duna.no\/blog\/?p=12008"},"modified":"2017-05-23T13:16:12","modified_gmt":"2017-05-23T11:16:12","slug":"kjole","status":"publish","type":"post","link":"https:\/\/grete.duna.no\/blog\/2012\/08\/17\/kjole\/","title":{"rendered":"KjOLe!"},"content":{"rendered":"<p>OL var fint. Med s\u00e5 mye stillesitting foran tven ble det tid til \u00e5 strikke litt, og jeg fikk realisert min f\u00f8rste strikkekjole. Til meg selv! Morsomt arbeid, og s\u00e5 inspirerende at jeg har skumle planer om \u00e5 kaste meg ut i enda et stor-strikkeprosjekt. Kjolen ble p\u00e5 ingen m\u00e5te perfekt, men jeg er ganske forn\u00f8yd likevel. Jeg kommer nok alltid til \u00e5 tenke p\u00e5 den som OL-kjolen. Eller kjOLen, liksom \ud83d\ude42<\/p>\n<figure id=\"attachment_12037\" aria-describedby=\"caption-attachment-12037\" style=\"width: 540px\" class=\"wp-caption aligncenter\"><a href=\"http:\/\/grete.duna.no\/blog\/wp-content\/uploads\/2012\/08\/kjolen.jpg\"><img decoding=\"async\" loading=\"lazy\" class=\" wp-image-12037 \" style=\"border: 1px solid black; margin-top: 1px; margin-bottom: 1px;\" title=\"kjolen\" src=\"http:\/\/grete.duna.no\/blog\/wp-content\/uploads\/2012\/08\/kjolen.jpg\" alt=\"\" width=\"540\" height=\"538\" srcset=\"https:\/\/grete.duna.no\/blog\/wp-content\/uploads\/2012\/08\/kjolen.jpg 600w, https:\/\/grete.duna.no\/blog\/wp-content\/uploads\/2012\/08\/kjolen-180x180.jpg 180w, https:\/\/grete.duna.no\/blog\/wp-content\/uploads\/2012\/08\/kjolen-300x300.jpg 300w\" sizes=\"(max-width: 540px) 85vw, 540px\" \/><\/a><figcaption id=\"caption-attachment-12037\" class=\"wp-caption-text\">Litt i varmeste laget med ullkjole p\u00e5 sommerens varmeste dag&#8230;<\/figcaption><\/figure>\n<p>Lukas poserte helt fint frem til bildet ble tatt, alts\u00e5. Han er bittelitt furten i dag etter en omgang med napping. Men litt glad i mora si likevel, tror jeg. De siste (veldig varme) dagene har jeg brukt til \u00e5 montere kjolen, ikke fritt for at det har blitt litt svette i strikket\u00f8yet. Men alt i alt &#8211; jeg er forn\u00f8yd!<\/p>\n<figure id=\"attachment_12038\" aria-describedby=\"caption-attachment-12038\" style=\"width: 540px\" class=\"wp-caption aligncenter\"><a href=\"http:\/\/grete.duna.no\/blog\/wp-content\/uploads\/2012\/08\/kjolen2.jpg\"><img decoding=\"async\" loading=\"lazy\" class=\" wp-image-12038 \" style=\"border: 1px solid black; margin-top: 1px; margin-bottom: 1px;\" title=\"kjolen2\" src=\"http:\/\/grete.duna.no\/blog\/wp-content\/uploads\/2012\/08\/kjolen2.jpg\" alt=\"\" width=\"540\" height=\"652\" srcset=\"https:\/\/grete.duna.no\/blog\/wp-content\/uploads\/2012\/08\/kjolen2.jpg 600w, https:\/\/grete.duna.no\/blog\/wp-content\/uploads\/2012\/08\/kjolen2-248x300.jpg 248w\" sizes=\"(max-width: 540px) 85vw, 540px\" \/><\/a><figcaption id=\"caption-attachment-12038\" class=\"wp-caption-text\">Lite styling, men ganske okei kjole vel?<\/figcaption><\/figure>\n<p>&nbsp;<\/p>\n","protected":false},"excerpt":{"rendered":"<p>OL var fint. Med s\u00e5 mye stillesitting foran tven ble det tid til \u00e5 strikke litt, og jeg fikk realisert min f\u00f8rste strikkekjole. Til meg selv! Morsomt arbeid, og s\u00e5 inspirerende at jeg har skumle planer om \u00e5 kaste meg ut i enda et stor-strikkeprosjekt. Kjolen ble p\u00e5 ingen m\u00e5te perfekt, men jeg er ganske &hellip; <a href=\"https:\/\/grete.duna.no\/blog\/2012\/08\/17\/kjole\/\" class=\"more-link\">Continue reading<span class=\"screen-reader-text\"> &#8220;KjOLe!&#8221;<\/span><\/a><\/p>\n","protected":false},"author":2,"featured_media":0,"comment_status":"open","ping_status":"open","sticky":false,"template":"","format":"standard","meta":[],"categories":[11,43,39],"tags":[247,46,23,44],"_links":{"self":[{"href":"https:\/\/grete.duna.no\/blog\/wp-json\/wp\/v2\/posts\/12008"}],"collection":[{"href":"https:\/\/grete.duna.no\/blog\/wp-json\/wp\/v2\/posts"}],"about":[{"href":"https:\/\/grete.duna.no\/blog\/wp-json\/wp\/v2\/types\/post"}],"author":[{"embeddable":true,"href":"https:\/\/grete.duna.no\/blog\/wp-json\/wp\/v2\/users\/2"}],"replies":[{"embeddable":true,"href":"https:\/\/grete.duna.no\/blog\/wp-json\/wp\/v2\/comments?post=12008"}],"version-history":[{"count":4,"href":"https:\/\/grete.duna.no\/blog\/wp-json\/wp\/v2\/posts\/12008\/revisions"}],"predecessor-version":[{"id":12041,"href":"https:\/\/grete.duna.no\/blog\/wp-json\/wp\/v2\/posts\/12008\/revisions\/12041"}],"wp:attachment":[{"href":"https:\/\/grete.duna.no\/blog\/wp-json\/wp\/v2\/media?parent=12008"}],"wp:term":[{"taxonomy":"category","embeddable":true,"href":"https:\/\/grete.duna.no\/blog\/wp-json\/wp\/v2\/categories?post=12008"},{"taxonomy":"post_tag","embeddable":true,"href":"https:\/\/grete.duna.no\/blog\/wp-json\/wp\/v2\/tags?post=12008"}],"curies":[{"name":"wp","href":"https:\/\/api.w.org\/{rel}","templated":true}]}}