{"id":12010,"date":"2012-08-27T00:56:28","date_gmt":"2012-08-26T22:56:28","guid":{"rendered":"http:\/\/grete.duna.no\/blog\/?p=12010"},"modified":"2012-08-27T12:00:48","modified_gmt":"2012-08-27T10:00:48","slug":"til-fiskekakebakeren-og-poeten","status":"publish","type":"post","link":"https:\/\/grete.duna.no\/blog\/2012\/08\/27\/til-fiskekakebakeren-og-poeten\/","title":{"rendered":"Til fiskekakebakeren og poeten"},"content":{"rendered":"<div>\n<div>Baker man fiskekaker? Det er et morsomt ord uansett, ikke sant? <strong>Tante Mie<\/strong> er (ogs\u00e5) en ordkunstner og har skrevet et herlig dikt som en glad hyllest til <strong>mammas<\/strong> fiskekaker. Det er neiggu ikke f\u00f8rste gangen <a href=\"http:\/\/grete.duna.no\/blog\/2012\/08\/12\/feskkak-og-honvin\/\">denne smaksopplevelsen nevnes her<\/a> heller, all ros er vel fortjent.<\/div>\n<\/div>\n<div>&nbsp;<\/div>\n<div>\n<figure id=\"attachment_12044\" aria-describedby=\"caption-attachment-12044\" style=\"width: 540px\" class=\"wp-caption aligncenter\"><a href=\"http:\/\/grete.duna.no\/blog\/wp-content\/uploads\/2012\/08\/fiskekaker.jpg\"><img decoding=\"async\" loading=\"lazy\" class=\" wp-image-12044 \" style=\"border: 1px solid black; margin-top: 1px; margin-bottom: 1px;\" title=\"fiskekaker\" src=\"http:\/\/grete.duna.no\/blog\/wp-content\/uploads\/2012\/08\/fiskekaker.jpg\" alt=\"\" width=\"540\" height=\"407\" srcset=\"https:\/\/grete.duna.no\/blog\/wp-content\/uploads\/2012\/08\/fiskekaker.jpg 600w, https:\/\/grete.duna.no\/blog\/wp-content\/uploads\/2012\/08\/fiskekaker-300x226.jpg 300w\" sizes=\"(max-width: 540px) 85vw, 540px\" \/><\/a><figcaption id=\"caption-attachment-12044\" class=\"wp-caption-text\">Namnam!<\/figcaption><\/figure>\n<p>&nbsp;<\/p>\n<blockquote><p><strong>\u2013Kj\u00e6re dere, bare spis!<\/strong><\/p>\n<p>N\u00e5r b\u00e5ten fylles<br \/>\nopp med lyr,<br \/>\nvet vi godt<br \/>\nhva det betyr:<\/p>\n<p>Om ikke lenge<br \/>\nst\u00e5r Helga og baker<br \/>\nverdens beste<br \/>\nfiskekaker.<\/p>\n<p>Hun kverner hver fil\u00e9t<br \/>\nblander ditt og datt<br \/>\nbittelitt mer av d\u00e9t \u2013<br \/>\nog tar steikepanna fatt.<\/p>\n<p>M\u00e5sene, som er oss,<br \/>\nsirkler over, foran og bak<br \/>\nmen vi slipper \u00e5 sloss<br \/>\nom den f\u00f8rste smak.<\/p>\n<p><em>\u2013Kj\u00e6re dere, bare spis<\/em>,<br \/>\nsier Helga med et nikk,<br \/>\ntenk, i fiskekake-paradis<br \/>\ner to fingre fullt bestikk \u2013<br \/>\nsom kan vaskes med et slikk.<\/p><\/blockquote>\n<p>&nbsp;<\/p>\n<\/div>\n","protected":false},"excerpt":{"rendered":"<p>Baker man fiskekaker? Det er et morsomt ord uansett, ikke sant? Tante Mie er (ogs\u00e5) en ordkunstner og har skrevet et herlig dikt som en glad hyllest til mammas fiskekaker. Det er neiggu ikke f\u00f8rste gangen denne smaksopplevelsen nevnes her heller, all ros er vel fortjent. &nbsp; &nbsp; \u2013Kj\u00e6re dere, bare spis! N\u00e5r b\u00e5ten fylles &hellip; <a href=\"https:\/\/grete.duna.no\/blog\/2012\/08\/27\/til-fiskekakebakeren-og-poeten\/\" class=\"more-link\">Continue reading<span class=\"screen-reader-text\"> &#8220;Til fiskekakebakeren og poeten&#8221;<\/span><\/a><\/p>\n","protected":false},"author":2,"featured_media":0,"comment_status":"open","ping_status":"open","sticky":false,"template":"","format":"standard","meta":[],"categories":[9,16],"tags":[112,7,18],"_links":{"self":[{"href":"https:\/\/grete.duna.no\/blog\/wp-json\/wp\/v2\/posts\/12010"}],"collection":[{"href":"https:\/\/grete.duna.no\/blog\/wp-json\/wp\/v2\/posts"}],"about":[{"href":"https:\/\/grete.duna.no\/blog\/wp-json\/wp\/v2\/types\/post"}],"author":[{"embeddable":true,"href":"https:\/\/grete.duna.no\/blog\/wp-json\/wp\/v2\/users\/2"}],"replies":[{"embeddable":true,"href":"https:\/\/grete.duna.no\/blog\/wp-json\/wp\/v2\/comments?post=12010"}],"version-history":[{"count":68,"href":"https:\/\/grete.duna.no\/blog\/wp-json\/wp\/v2\/posts\/12010\/revisions"}],"predecessor-version":[{"id":12191,"href":"https:\/\/grete.duna.no\/blog\/wp-json\/wp\/v2\/posts\/12010\/revisions\/12191"}],"wp:attachment":[{"href":"https:\/\/grete.duna.no\/blog\/wp-json\/wp\/v2\/media?parent=12010"}],"wp:term":[{"taxonomy":"category","embeddable":true,"href":"https:\/\/grete.duna.no\/blog\/wp-json\/wp\/v2\/categories?post=12010"},{"taxonomy":"post_tag","embeddable":true,"href":"https:\/\/grete.duna.no\/blog\/wp-json\/wp\/v2\/tags?post=12010"}],"curies":[{"name":"wp","href":"https:\/\/api.w.org\/{rel}","templated":true}]}}