{"id":126,"date":"2009-05-07T10:41:02","date_gmt":"2009-05-07T08:41:02","guid":{"rendered":"http:\/\/grete.duna.no\/blog\/?p=126"},"modified":"2012-03-20T16:31:26","modified_gmt":"2012-03-20T15:31:26","slug":"dumhet","status":"publish","type":"post","link":"https:\/\/grete.duna.no\/blog\/2009\/05\/07\/dumhet\/","title":{"rendered":"Dumhet"},"content":{"rendered":"<p>Man skal v\u00e6re forsiktig med \u00e5 kalle folk dumme. S\u00e5 det gj\u00f8r jeg ikke. Jeg bare synes at noen er det. Mest av alt kan selvsagt det \u00e5 kalle noen dum sl\u00e5 tilbake p\u00e5 en selv. Men dumheten ser noen ganger ut til \u00e5 v\u00e6re grensel\u00f8s. Og n\u00e5r man m\u00f8ter det, uten styrke eller makt til \u00e5 sl\u00e5ss mot det, s\u00e5 kan man bli ganske sl\u00e5tt ut. I alle fall er det s\u00e5nn for meg. I l\u00f8pet av ganske lang tid har jeg l\u00e6rt meg \u00e5 holde kjeft og smile. Kanskje det er et tegn p\u00e5 at jeg blir eldre?<\/p>\n<p>Jeg har opplevd noen gj\u00f8re en betydelig mengde dumme ting i ganske lang tid, mer og mindre synlig. Heldigvis bare noen f\u00e5 personer. Men uheldigvis med innvirkning p\u00e5 mine omr\u00e5der her og der. \u00c5 se p\u00e5 denne p\u00e5g\u00e5ende d\u00e5rlige d\u00f8mmekraften er p\u00e5 den ene siden ganske interessant, jeg er stadig nysgjerrig p\u00e5 n\u00e5r de vil forst\u00e5 hva de gj\u00f8r. P\u00e5 den andre siden er det ikke morsomt i det hele tatt \u00e5 v\u00e6re n\u00f8dt til \u00e5 korrigere og dekke over i stillhet der konsekvensene av dumme handlinger ville blitt betydelige. Eller; ofte er det faktisk ogs\u00e5 mangel p\u00e5 handlinger. I sm\u00e5 milj\u00f8er er det ikke s\u00e5 enkelt \u00e5 tipse anonymt om noe, men jeg antar det kunne v\u00e6rt en l\u00f8sning.<\/p>\n<p>Men skitt au, jeg fortsetter mine hverdager. Jeg er forn\u00f8yd med det meste, og hvis de dumme vil fortsette med sitt &#8211; la dem det. Jeg har sagt det f\u00f8r; jeg gir meg ikke. Men merk dette; en dag gj\u00f8r jeg nettopp det. Og da kan jeg sitte utenfor og le. H\u00f8yt.<\/p>\n","protected":false},"excerpt":{"rendered":"<p>Man skal v\u00e6re forsiktig med \u00e5 kalle folk dumme. S\u00e5 det gj\u00f8r jeg ikke. Jeg bare synes at noen er det. Mest av alt kan selvsagt det \u00e5 kalle noen dum sl\u00e5 tilbake p\u00e5 en selv. Men dumheten ser noen ganger ut til \u00e5 v\u00e6re grensel\u00f8s. Og n\u00e5r man m\u00f8ter det, uten styrke eller makt &hellip; <a href=\"https:\/\/grete.duna.no\/blog\/2009\/05\/07\/dumhet\/\" class=\"more-link\">Continue reading<span class=\"screen-reader-text\"> &#8220;Dumhet&#8221;<\/span><\/a><\/p>\n","protected":false},"author":2,"featured_media":0,"comment_status":"open","ping_status":"open","sticky":false,"template":"","format":"standard","meta":[],"categories":[4,54],"tags":[158],"_links":{"self":[{"href":"https:\/\/grete.duna.no\/blog\/wp-json\/wp\/v2\/posts\/126"}],"collection":[{"href":"https:\/\/grete.duna.no\/blog\/wp-json\/wp\/v2\/posts"}],"about":[{"href":"https:\/\/grete.duna.no\/blog\/wp-json\/wp\/v2\/types\/post"}],"author":[{"embeddable":true,"href":"https:\/\/grete.duna.no\/blog\/wp-json\/wp\/v2\/users\/2"}],"replies":[{"embeddable":true,"href":"https:\/\/grete.duna.no\/blog\/wp-json\/wp\/v2\/comments?post=126"}],"version-history":[{"count":6,"href":"https:\/\/grete.duna.no\/blog\/wp-json\/wp\/v2\/posts\/126\/revisions"}],"predecessor-version":[{"id":10783,"href":"https:\/\/grete.duna.no\/blog\/wp-json\/wp\/v2\/posts\/126\/revisions\/10783"}],"wp:attachment":[{"href":"https:\/\/grete.duna.no\/blog\/wp-json\/wp\/v2\/media?parent=126"}],"wp:term":[{"taxonomy":"category","embeddable":true,"href":"https:\/\/grete.duna.no\/blog\/wp-json\/wp\/v2\/categories?post=126"},{"taxonomy":"post_tag","embeddable":true,"href":"https:\/\/grete.duna.no\/blog\/wp-json\/wp\/v2\/tags?post=126"}],"curies":[{"name":"wp","href":"https:\/\/api.w.org\/{rel}","templated":true}]}}