{"id":16542,"date":"2014-05-27T07:08:34","date_gmt":"2014-05-27T05:08:34","guid":{"rendered":"http:\/\/grete.duna.no\/blog\/?p=16542"},"modified":"2014-08-28T08:04:30","modified_gmt":"2014-08-28T06:04:30","slug":"skuddredd-strikker-med-flyskrekk","status":"publish","type":"post","link":"https:\/\/grete.duna.no\/blog\/2014\/05\/27\/skuddredd-strikker-med-flyskrekk\/","title":{"rendered":"Skuddredd strikker med flyskrekk"},"content":{"rendered":"<h5><em>&#8230; s\u00f8kes til tr\u00e5dknyting p\u00e5 79\u00b0 nord i 10 dager, inkludert den eneste langhelgen i juni.<\/em><\/h5>\n<p>Ja, omtrent s\u00e5nn kunne teksten v\u00e6rt om den turen som st\u00e5r foran meg hadde v\u00e6rt utlyst med en annonse \ud83d\ude09 For h\u00f8res ikke <strong>jeg<\/strong> ut som en opplagt person \u00e5 ta med inn i isbj\u00f8rnens rike med et bittelite fly som m\u00e5 lande p\u00e5 en gruslagt rullebane der dekket kanskje &#8211; og kanskje ikke &#8211; g\u00e5r i oppl\u00f8sning? Jeg skal knyte en hel masse knuter, det er der strikkekunnskapen kommer inn. Det begynner \u00e5 krible litt n\u00e5, m\u00e5 jeg innr\u00f8mme.<\/p>\n<p><a href=\"http:\/\/grete.duna.no\/blog\/wp-content\/uploads\/2014\/05\/kart-svalbard-avstand.png\"><img decoding=\"async\" loading=\"lazy\" class=\"aligncenter size-full wp-image-16675\" style=\"border: 1px solid black;\" src=\"http:\/\/grete.duna.no\/blog\/wp-content\/uploads\/2014\/05\/kart-svalbard-avstand.png\" alt=\"kart-svalbard-avstand\" width=\"900\" height=\"418\" srcset=\"https:\/\/grete.duna.no\/blog\/wp-content\/uploads\/2014\/05\/kart-svalbard-avstand.png 900w, https:\/\/grete.duna.no\/blog\/wp-content\/uploads\/2014\/05\/kart-svalbard-avstand-300x139.png 300w\" sizes=\"(max-width: 709px) 85vw, (max-width: 909px) 67vw, (max-width: 1362px) 62vw, 840px\" \/><\/a>Vi har til og med arbeidsantrekket klart, tror vi skal bli ganske s\u00e5 snasne der vi vandrer rundt i arktisk str\u00f8k. Uninett-logoen er trykt p\u00e5 kl\u00e6rne, regner med det kommer actionbilder etter hvert!<\/p>\n<p><a href=\"http:\/\/grete.duna.no\/blog\/wp-content\/uploads\/2014\/05\/arbeidsklar.png\"><img decoding=\"async\" loading=\"lazy\" class=\"aligncenter size-full wp-image-16550\" src=\"http:\/\/grete.duna.no\/blog\/wp-content\/uploads\/2014\/05\/arbeidsklar.png\" alt=\"arbeidsklar\" width=\"529\" height=\"480\" srcset=\"https:\/\/grete.duna.no\/blog\/wp-content\/uploads\/2014\/05\/arbeidsklar.png 529w, https:\/\/grete.duna.no\/blog\/wp-content\/uploads\/2014\/05\/arbeidsklar-300x272.png 300w\" sizes=\"(max-width: 529px) 85vw, 529px\" \/><\/a>\u00c5kkesom; n\u00e5 er billettene i h\u00e5nden og kofferten er hentet ned fra loftet. Reisef\u00f8lget har skytekunnskaper (s\u00e5 jeg slipper) og jeg er klar til \u00e5 jobbe r\u00e6va av meg de neste par ukene! Jeg lover oppdatering av bloggen mens jeg er p\u00e5 tur, selv om det er radiotaushet p\u00e5 Ny-\u00c5lesund og derfor ikke noen mobildekning (eller dekning for noe som helst tr\u00e5dl\u00f8st utstyr). Det kan jo ogs\u00e5 bli en ny opplevelse \u2013 \u00e5 v\u00e6re uten mobiltelefon i dagesvis.<\/p>\n<figure id=\"attachment_16552\" aria-describedby=\"caption-attachment-16552\" style=\"width: 600px\" class=\"wp-caption aligncenter\"><a href=\"http:\/\/grete.duna.no\/blog\/wp-content\/uploads\/2014\/05\/billett-longyearbyen.jpg\"><img decoding=\"async\" loading=\"lazy\" class=\"wp-image-16552 size-full\" style=\"border: 1px solid black;\" src=\"http:\/\/grete.duna.no\/blog\/wp-content\/uploads\/2014\/05\/billett-longyearbyen.jpg\" alt=\"billett-longyearbyen\" width=\"600\" height=\"152\" srcset=\"https:\/\/grete.duna.no\/blog\/wp-content\/uploads\/2014\/05\/billett-longyearbyen.jpg 600w, https:\/\/grete.duna.no\/blog\/wp-content\/uploads\/2014\/05\/billett-longyearbyen-300x76.jpg 300w\" sizes=\"(max-width: 709px) 85vw, (max-width: 909px) 67vw, (max-width: 984px) 61vw, (max-width: 1362px) 45vw, 600px\" \/><\/a><figcaption id=\"caption-attachment-16552\" class=\"wp-caption-text\">F\u00f8rst g\u00e5r turen via Troms\u00f8 til Longyearbyen<\/figcaption><\/figure>\n<figure id=\"attachment_16553\" aria-describedby=\"caption-attachment-16553\" style=\"width: 600px\" class=\"wp-caption aligncenter\"><a href=\"http:\/\/grete.duna.no\/blog\/wp-content\/uploads\/2014\/05\/billett-ny-alesund.jpg\"><img decoding=\"async\" loading=\"lazy\" class=\"wp-image-16553 size-full\" style=\"border: 1px solid black;\" src=\"http:\/\/grete.duna.no\/blog\/wp-content\/uploads\/2014\/05\/billett-ny-alesund.jpg\" alt=\"billett-ny-alesund\" width=\"600\" height=\"366\" srcset=\"https:\/\/grete.duna.no\/blog\/wp-content\/uploads\/2014\/05\/billett-ny-alesund.jpg 600w, https:\/\/grete.duna.no\/blog\/wp-content\/uploads\/2014\/05\/billett-ny-alesund-300x183.jpg 300w\" sizes=\"(max-width: 709px) 85vw, (max-width: 909px) 67vw, (max-width: 984px) 61vw, (max-width: 1362px) 45vw, 600px\" \/><\/a><figcaption id=\"caption-attachment-16553\" class=\"wp-caption-text\">Deretter kommer det morsomme \u2013 minifly til Ny-\u00c5lesund!<\/figcaption><\/figure>\n<p>F\u00f8rst venter en langhelg p\u00e5 hytta, gleder meg jo utrolig masse til det ogs\u00e5 selvsagt. Det blir eneste langhelg dette \u00e5ret, ettersom vi hadde konfirmasjon 1. mai-helga og pinsa alts\u00e5 skal tilbringes p\u00e5 verdens nordligste bosetting!<\/p>\n","protected":false},"excerpt":{"rendered":"<p>&#8230; s\u00f8kes til tr\u00e5dknyting p\u00e5 79\u00b0 nord i 10 dager, inkludert den eneste langhelgen i juni. Ja, omtrent s\u00e5nn kunne teksten v\u00e6rt om den turen som st\u00e5r foran meg hadde v\u00e6rt utlyst med en annonse \ud83d\ude09 For h\u00f8res ikke jeg ut som en opplagt person \u00e5 ta med inn i isbj\u00f8rnens rike med et bittelite &hellip; <a href=\"https:\/\/grete.duna.no\/blog\/2014\/05\/27\/skuddredd-strikker-med-flyskrekk\/\" class=\"more-link\">Continue reading<span class=\"screen-reader-text\"> &#8220;Skuddredd strikker med flyskrekk&#8221;<\/span><\/a><\/p>\n","protected":false},"author":2,"featured_media":0,"comment_status":"open","ping_status":"open","sticky":false,"template":"","format":"standard","meta":[],"categories":[11,10],"tags":[222,202,201,136,209,154,55],"_links":{"self":[{"href":"https:\/\/grete.duna.no\/blog\/wp-json\/wp\/v2\/posts\/16542"}],"collection":[{"href":"https:\/\/grete.duna.no\/blog\/wp-json\/wp\/v2\/posts"}],"about":[{"href":"https:\/\/grete.duna.no\/blog\/wp-json\/wp\/v2\/types\/post"}],"author":[{"embeddable":true,"href":"https:\/\/grete.duna.no\/blog\/wp-json\/wp\/v2\/users\/2"}],"replies":[{"embeddable":true,"href":"https:\/\/grete.duna.no\/blog\/wp-json\/wp\/v2\/comments?post=16542"}],"version-history":[{"count":14,"href":"https:\/\/grete.duna.no\/blog\/wp-json\/wp\/v2\/posts\/16542\/revisions"}],"predecessor-version":[{"id":16679,"href":"https:\/\/grete.duna.no\/blog\/wp-json\/wp\/v2\/posts\/16542\/revisions\/16679"}],"wp:attachment":[{"href":"https:\/\/grete.duna.no\/blog\/wp-json\/wp\/v2\/media?parent=16542"}],"wp:term":[{"taxonomy":"category","embeddable":true,"href":"https:\/\/grete.duna.no\/blog\/wp-json\/wp\/v2\/categories?post=16542"},{"taxonomy":"post_tag","embeddable":true,"href":"https:\/\/grete.duna.no\/blog\/wp-json\/wp\/v2\/tags?post=16542"}],"curies":[{"name":"wp","href":"https:\/\/api.w.org\/{rel}","templated":true}]}}