{"id":17528,"date":"2014-09-03T14:49:05","date_gmt":"2014-09-03T12:49:05","guid":{"rendered":"http:\/\/grete.duna.no\/blog\/?p=17528"},"modified":"2017-05-23T12:25:08","modified_gmt":"2017-05-23T10:25:08","slug":"svalbard-calling-rapport-10","status":"publish","type":"post","link":"https:\/\/grete.duna.no\/blog\/2014\/09\/03\/svalbard-calling-rapport-10\/","title":{"rendered":"Svalbard calling \u2013 rapport #10"},"content":{"rendered":"<p><a href=\"http:\/\/grete.duna.no\/blog\/wp-content\/uploads\/2014\/09\/dag10-lengst-fremme.jpg\"><img decoding=\"async\" loading=\"lazy\" class=\"aligncenter size-full wp-image-17533\" style=\"border: 1px solid black;\" src=\"http:\/\/grete.duna.no\/blog\/wp-content\/uploads\/2014\/09\/dag10-lengst-fremme.jpg\" alt=\"dag10-lengst-fremme\" width=\"1257\" height=\"767\" srcset=\"https:\/\/grete.duna.no\/blog\/wp-content\/uploads\/2014\/09\/dag10-lengst-fremme.jpg 1257w, https:\/\/grete.duna.no\/blog\/wp-content\/uploads\/2014\/09\/dag10-lengst-fremme-300x183.jpg 300w, https:\/\/grete.duna.no\/blog\/wp-content\/uploads\/2014\/09\/dag10-lengst-fremme-1024x624.jpg 1024w\" sizes=\"(max-width: 709px) 85vw, (max-width: 909px) 67vw, (max-width: 1362px) 62vw, 840px\" \/><\/a>Lenger frem kommer man ikke p\u00e5 dette skipet om man vil holde seg t\u00f8rr p\u00e5 beina. Det er nesten i meste laget \u00e5 fors\u00f8ke \u00e5 ford\u00f8ye den magiske utsikten \u2013 her g\u00e5r vi rett mot <em>Sj\u00e5tilneset<\/em>.<\/p>\n<p><a href=\"http:\/\/grete.duna.no\/blog\/wp-content\/uploads\/2014\/09\/dag10-magisk-himmel.jpg\"><img decoding=\"async\" loading=\"lazy\" class=\"aligncenter size-full wp-image-17530\" style=\"border: 1px solid black;\" src=\"http:\/\/grete.duna.no\/blog\/wp-content\/uploads\/2014\/09\/dag10-magisk-himmel.jpg\" alt=\"dag10-magisk-himmel\" width=\"1280\" height=\"624\" srcset=\"https:\/\/grete.duna.no\/blog\/wp-content\/uploads\/2014\/09\/dag10-magisk-himmel.jpg 1280w, https:\/\/grete.duna.no\/blog\/wp-content\/uploads\/2014\/09\/dag10-magisk-himmel-300x146.jpg 300w, https:\/\/grete.duna.no\/blog\/wp-content\/uploads\/2014\/09\/dag10-magisk-himmel-1024x499.jpg 1024w\" sizes=\"(max-width: 709px) 85vw, (max-width: 909px) 67vw, (max-width: 1362px) 62vw, 840px\" \/><\/a>Noen dager er bare s\u00e5 fylt med farger og lys, og motiver er det uendelige mengder av. Tenk at <em>bare<\/em> himmel og hav kan v\u00e6re s\u00e5 flott.<\/p>\n<p><a href=\"http:\/\/grete.duna.no\/blog\/wp-content\/uploads\/2014\/09\/dag10-plog-pa-dekk.jpg\"><img decoding=\"async\" loading=\"lazy\" class=\"aligncenter size-full wp-image-17544\" style=\"border: 1px solid black;\" src=\"http:\/\/grete.duna.no\/blog\/wp-content\/uploads\/2014\/09\/dag10-plog-pa-dekk.jpg\" alt=\"dag10-plog-pa-dekk\" width=\"1280\" height=\"720\" srcset=\"https:\/\/grete.duna.no\/blog\/wp-content\/uploads\/2014\/09\/dag10-plog-pa-dekk.jpg 1280w, https:\/\/grete.duna.no\/blog\/wp-content\/uploads\/2014\/09\/dag10-plog-pa-dekk-300x168.jpg 300w, https:\/\/grete.duna.no\/blog\/wp-content\/uploads\/2014\/09\/dag10-plog-pa-dekk-1024x576.jpg 1024w\" sizes=\"(max-width: 709px) 85vw, (max-width: 909px) 67vw, (max-width: 1362px) 62vw, 840px\" \/><\/a>Kveldshimmelen var usedvanlig klar og bl\u00e5 like f\u00f8r midnatt! Med flomlys p\u00e5 bakdekket ble ogs\u00e5 dette en fargeopplevelse av de sjeldne.\u00a0 Sent i g\u00e5r kveld ble nemlig plogen heist p\u00e5 land igjen. Vi har n\u00e5 kommet til det omr\u00e5det p\u00e5 leggestrekningen der det ikke er mulig \u00e5 grave i bunnen uten risiko for \u00e5 skade plogen (og kabelen) s\u00e5 en del timer blir faktisk kj\u00f8rt med litt st\u00f8rre fart og kabel opp\u00e5 havbunnen.<\/p>\n<p><a href=\"http:\/\/grete.duna.no\/blog\/wp-content\/uploads\/2014\/09\/kart-3.png\"><img decoding=\"async\" loading=\"lazy\" class=\"aligncenter size-full wp-image-17535\" src=\"http:\/\/grete.duna.no\/blog\/wp-content\/uploads\/2014\/09\/kart-3.png\" alt=\"kart-3\" width=\"1602\" height=\"1256\" srcset=\"https:\/\/grete.duna.no\/blog\/wp-content\/uploads\/2014\/09\/kart-3.png 1602w, https:\/\/grete.duna.no\/blog\/wp-content\/uploads\/2014\/09\/kart-3-300x235.png 300w, https:\/\/grete.duna.no\/blog\/wp-content\/uploads\/2014\/09\/kart-3-1024x802.png 1024w\" sizes=\"(max-width: 709px) 85vw, (max-width: 909px) 67vw, (max-width: 1362px) 62vw, 840px\" \/><\/a>Dette er et eksempel p\u00e5 havbunnkart som brukes. Fargekoder angir om bunnen er myk eller hard, om det er sand eller leire, steinete og uryddig. De f\u00f8rste dagene var alt gult og kjekt, men n\u00e5 skal vi alts\u00e5 gjennom et litt mer variert omr\u00e5de. Alt dette er kartlagt tidligere med spesialkompetanse p\u00e5 spesialskip og med pinlig n\u00f8yaktige instrumenter og registreringer \u2013 ingen uventede forhold.<\/p>\n<p><a href=\"http:\/\/grete.duna.no\/blog\/wp-content\/uploads\/2014\/09\/dag10-sikkerhetsdame.jpg\"><img decoding=\"async\" loading=\"lazy\" class=\"aligncenter size-full wp-image-17539\" style=\"border: 1px solid black;\" src=\"http:\/\/grete.duna.no\/blog\/wp-content\/uploads\/2014\/09\/dag10-sikkerhetsdame.jpg\" alt=\"dag10-sikkerhetsdame\" width=\"600\" height=\"889\" srcset=\"https:\/\/grete.duna.no\/blog\/wp-content\/uploads\/2014\/09\/dag10-sikkerhetsdame.jpg 600w, https:\/\/grete.duna.no\/blog\/wp-content\/uploads\/2014\/09\/dag10-sikkerhetsdame-202x300.jpg 202w\" sizes=\"(max-width: 709px) 85vw, (max-width: 909px) 67vw, (max-width: 984px) 61vw, (max-width: 1362px) 45vw, 600px\" \/><\/a>Jeg fant enda ei dame, gitt! Under min jakt p\u00e5 <em>ekte sj\u00f8mannskap<\/em> er det mye morsomt \u00e5 se. Sikkerhetsinformasjon er fremtredende over alt, og jeg har ingen problemer med \u00e5 skj\u00f8nne at det trengs litt i\u00f8yenfallende effekter hist og her for \u00e5 skjerpe gutta som ellers kan komme til \u00e5 se seg blinde p\u00e5 overdoser av formaninger og regler.<\/p>\n<p><a href=\"http:\/\/grete.duna.no\/blog\/wp-content\/uploads\/2014\/09\/dag10-close-door.jpg\"><img decoding=\"async\" loading=\"lazy\" class=\"aligncenter size-full wp-image-17540\" style=\"border: 1px solid black;\" src=\"http:\/\/grete.duna.no\/blog\/wp-content\/uploads\/2014\/09\/dag10-close-door.jpg\" alt=\"dag10-close-door\" width=\"600\" height=\"340\" srcset=\"https:\/\/grete.duna.no\/blog\/wp-content\/uploads\/2014\/09\/dag10-close-door.jpg 600w, https:\/\/grete.duna.no\/blog\/wp-content\/uploads\/2014\/09\/dag10-close-door-300x170.jpg 300w\" sizes=\"(max-width: 709px) 85vw, (max-width: 909px) 67vw, (max-width: 984px) 61vw, (max-width: 1362px) 45vw, 600px\" \/><\/a>Og s\u00e5 tenkte jeg <strong>J\u00d8SS, det er skipshunder her!<\/strong> Men det var det selvsagt ikke da \u2013 det er bare de sv\u00e6re vri-klampene som lukker d\u00f8ra skikkelig som heter <em>dogs<\/em>. Ikke en eneste myk vaktbikkje, bare d\u00f8rklemmer av st\u00e5l &#8230;<\/p>\n<p><a href=\"http:\/\/grete.duna.no\/blog\/wp-content\/uploads\/2014\/09\/dag9-fugleunge.jpg\"><img decoding=\"async\" loading=\"lazy\" class=\"aligncenter size-full wp-image-17537\" src=\"http:\/\/grete.duna.no\/blog\/wp-content\/uploads\/2014\/09\/dag9-fugleunge.jpg\" alt=\"dag9-fugleunge\" width=\"600\" height=\"441\" srcset=\"https:\/\/grete.duna.no\/blog\/wp-content\/uploads\/2014\/09\/dag9-fugleunge.jpg 600w, https:\/\/grete.duna.no\/blog\/wp-content\/uploads\/2014\/09\/dag9-fugleunge-300x220.jpg 300w\" sizes=\"(max-width: 709px) 85vw, (max-width: 909px) 67vw, (max-width: 984px) 61vw, (max-width: 1362px) 45vw, 600px\" \/><\/a>S\u00e5 i mangel av en hund \u00e5 kl\u00f8 bak \u00f8ret f\u00e5r jeg n\u00f8ye meg med \u00e5 se p\u00e5 denne lille kameraten. Jeg tror det er en polarm\u00e5keunge p\u00e5 grunn av de rosa f\u00f8ttene, men er jammen ikke sikker \u2013 f\u00e5r ikke nebbet til \u00e5 stemme med noe kjent s\u00e5 dette m\u00e5 jeg sjekke. Dunete og skj\u00f8nn var den i alle fall der den satt p\u00e5 en rusten container og s\u00e5 seg omkring.<\/p>\n<p><a href=\"http:\/\/grete.duna.no\/blog\/wp-content\/uploads\/2014\/04\/hilsen-grete.png\"><img decoding=\"async\" loading=\"lazy\" class=\"aligncenter size-full wp-image-16388\" src=\"http:\/\/grete.duna.no\/blog\/wp-content\/uploads\/2014\/04\/hilsen-grete.png\" alt=\"hilsen-grete\" width=\"151\" height=\"43\" \/><\/a><\/p>\n","protected":false},"excerpt":{"rendered":"<p>Lenger frem kommer man ikke p\u00e5 dette skipet om man vil holde seg t\u00f8rr p\u00e5 beina. Det er nesten i meste laget \u00e5 fors\u00f8ke \u00e5 ford\u00f8ye den magiske utsikten \u2013 her g\u00e5r vi rett mot Sj\u00e5tilneset. Noen dager er bare s\u00e5 fylt med farger og lys, og motiver er det uendelige mengder av. Tenk at &hellip; <a href=\"https:\/\/grete.duna.no\/blog\/2014\/09\/03\/svalbard-calling-rapport-10\/\" class=\"more-link\">Continue reading<span class=\"screen-reader-text\"> &#8220;Svalbard calling \u2013 rapport #10&#8221;<\/span><\/a><\/p>\n","protected":false},"author":2,"featured_media":0,"comment_status":"open","ping_status":"open","sticky":false,"template":"","format":"standard","meta":[],"categories":[195,39,10],"tags":[91,194,222,202,201,136,76,209,154,55,47],"_links":{"self":[{"href":"https:\/\/grete.duna.no\/blog\/wp-json\/wp\/v2\/posts\/17528"}],"collection":[{"href":"https:\/\/grete.duna.no\/blog\/wp-json\/wp\/v2\/posts"}],"about":[{"href":"https:\/\/grete.duna.no\/blog\/wp-json\/wp\/v2\/types\/post"}],"author":[{"embeddable":true,"href":"https:\/\/grete.duna.no\/blog\/wp-json\/wp\/v2\/users\/2"}],"replies":[{"embeddable":true,"href":"https:\/\/grete.duna.no\/blog\/wp-json\/wp\/v2\/comments?post=17528"}],"version-history":[{"count":7,"href":"https:\/\/grete.duna.no\/blog\/wp-json\/wp\/v2\/posts\/17528\/revisions"}],"predecessor-version":[{"id":17545,"href":"https:\/\/grete.duna.no\/blog\/wp-json\/wp\/v2\/posts\/17528\/revisions\/17545"}],"wp:attachment":[{"href":"https:\/\/grete.duna.no\/blog\/wp-json\/wp\/v2\/media?parent=17528"}],"wp:term":[{"taxonomy":"category","embeddable":true,"href":"https:\/\/grete.duna.no\/blog\/wp-json\/wp\/v2\/categories?post=17528"},{"taxonomy":"post_tag","embeddable":true,"href":"https:\/\/grete.duna.no\/blog\/wp-json\/wp\/v2\/tags?post=17528"}],"curies":[{"name":"wp","href":"https:\/\/api.w.org\/{rel}","templated":true}]}}