{"id":181,"date":"2009-06-09T18:52:23","date_gmt":"2009-06-09T16:52:23","guid":{"rendered":"http:\/\/grete.duna.no\/blog\/?p=181"},"modified":"2017-05-23T14:03:18","modified_gmt":"2017-05-23T12:03:18","slug":"noe-bra-noe-darlig","status":"publish","type":"post","link":"https:\/\/grete.duna.no\/blog\/2009\/06\/09\/noe-bra-noe-darlig\/","title":{"rendered":"Noe bra, noe d\u00e5rlig"},"content":{"rendered":"<p>I g\u00e5r dro jeg til gartneriet og kj\u00f8pte sommerblomster til pottene p\u00e5 trappeterrassen og vinduskassene. Dette gjorde underverker for adkomsten til huset. Hagen har ellers v\u00e6rt ekstremt neglisjert de siste par \u00e5rene. Noen ganger har jeg lyst \u00e5 kaste meg ut i det og fjerne ugress, klippe rosebusker og tr\u00e6r. Men jeg har liksom ikke tid til noe s\u00e6rlig hagearbeid denne sommeren og jeg innser at naturen f\u00e5r seire ogs\u00e5 i \u00e5r.<\/p>\n<p>Vi har ikke noen stor hage, men den er koselig og intim. Jeg har en del planter som jeg liker veldig godt, noen er arv fra riktig gamle dager. B\u00e5de bestemor og oldemor hadde gr\u00f8nne fingre og la mye av fundamentet for min fargerike sommerglede. Et par av de st\u00f8rste buskene planlegger vi \u00e5 flytte til Solfang senere i \u00e5r. Kanskje jeg har f\u00e5tt b\u00e5de inspirasjon og to sterke armer innen den tid.<\/p>\n<p>Doktoren hadde ikke noen mirakelkur for armen min. Men det er <em>bare <\/em>en tennisalbue, sa han. Diagnosen h\u00f8res mye kulere ut p\u00e5 latin, epikondylitt lateral. Jeg kan bli bra snart. Eller jeg kan f\u00e5 beholde det lenge. Uten en \u00e5penbar \u00e5rsak er det ikke s\u00e5 lett \u00e5 unng\u00e5 det som for\u00e5rsaker smerten. S\u00e5 jeg f\u00e5r bare pr\u00f8ve \u00e5 ikke bruke armen i det hele tatt, i alle fall v\u00e6re litt oppmerksom p\u00e5 hvordan. Jeg fant f\u00f8lgende informasjon om tennisalbue: <em>Den st\u00f8rste risikofaktoren for epikondylitt lateral er alder<\/em>. Det burde jeg jo gjettet. Litt tidlig etter min mening, men det ser ut som jeg p\u00e5 full fart mot ul\u00f8psdato.<\/p>\n","protected":false},"excerpt":{"rendered":"<p>I g\u00e5r dro jeg til gartneriet og kj\u00f8pte sommerblomster til pottene p\u00e5 trappeterrassen og vinduskassene. Dette gjorde underverker for adkomsten til huset. Hagen har ellers v\u00e6rt ekstremt neglisjert de siste par \u00e5rene. Noen ganger har jeg lyst \u00e5 kaste meg ut i det og fjerne ugress, klippe rosebusker og tr\u00e6r. Men jeg har liksom ikke &hellip; <a href=\"https:\/\/grete.duna.no\/blog\/2009\/06\/09\/noe-bra-noe-darlig\/\" class=\"more-link\">Continue reading<span class=\"screen-reader-text\"> &#8220;Noe bra, noe d\u00e5rlig&#8221;<\/span><\/a><\/p>\n","protected":false},"author":2,"featured_media":0,"comment_status":"open","ping_status":"open","sticky":false,"template":"","format":"standard","meta":[],"categories":[228],"tags":[25,26,168,23],"_links":{"self":[{"href":"https:\/\/grete.duna.no\/blog\/wp-json\/wp\/v2\/posts\/181"}],"collection":[{"href":"https:\/\/grete.duna.no\/blog\/wp-json\/wp\/v2\/posts"}],"about":[{"href":"https:\/\/grete.duna.no\/blog\/wp-json\/wp\/v2\/types\/post"}],"author":[{"embeddable":true,"href":"https:\/\/grete.duna.no\/blog\/wp-json\/wp\/v2\/users\/2"}],"replies":[{"embeddable":true,"href":"https:\/\/grete.duna.no\/blog\/wp-json\/wp\/v2\/comments?post=181"}],"version-history":[{"count":5,"href":"https:\/\/grete.duna.no\/blog\/wp-json\/wp\/v2\/posts\/181\/revisions"}],"predecessor-version":[{"id":12359,"href":"https:\/\/grete.duna.no\/blog\/wp-json\/wp\/v2\/posts\/181\/revisions\/12359"}],"wp:attachment":[{"href":"https:\/\/grete.duna.no\/blog\/wp-json\/wp\/v2\/media?parent=181"}],"wp:term":[{"taxonomy":"category","embeddable":true,"href":"https:\/\/grete.duna.no\/blog\/wp-json\/wp\/v2\/categories?post=181"},{"taxonomy":"post_tag","embeddable":true,"href":"https:\/\/grete.duna.no\/blog\/wp-json\/wp\/v2\/tags?post=181"}],"curies":[{"name":"wp","href":"https:\/\/api.w.org\/{rel}","templated":true}]}}