{"id":18955,"date":"2015-04-02T21:25:56","date_gmt":"2015-04-02T19:25:56","guid":{"rendered":"http:\/\/grete.duna.no\/blog\/?p=18955"},"modified":"2017-05-22T15:00:20","modified_gmt":"2017-05-22T13:00:20","slug":"jobbe-og-kosedager","status":"publish","type":"post","link":"https:\/\/grete.duna.no\/blog\/2015\/04\/02\/jobbe-og-kosedager\/","title":{"rendered":"Jobbe- og kosedager"},"content":{"rendered":"<div id='gallery-1' class='gallery galleryid-18955 gallery-columns-3 gallery-size-thumbnail'><figure class='gallery-item'>\n\t\t\t<div class='gallery-icon landscape'>\n\t\t\t\t<a href='https:\/\/grete.duna.no\/blog\/2015\/04\/02\/jobbe-og-kosedager\/lukas-og-ida-2\/'><img width=\"180\" height=\"180\" src=\"https:\/\/grete.duna.no\/blog\/wp-content\/uploads\/2015\/04\/lukas-og-ida-2-180x180.jpg\" class=\"attachment-thumbnail size-thumbnail\" alt=\"\" decoding=\"async\" loading=\"lazy\" srcset=\"https:\/\/grete.duna.no\/blog\/wp-content\/uploads\/2015\/04\/lukas-og-ida-2-180x180.jpg 180w, https:\/\/grete.duna.no\/blog\/wp-content\/uploads\/2015\/04\/lukas-og-ida-2-300x300.jpg 300w, https:\/\/grete.duna.no\/blog\/wp-content\/uploads\/2015\/04\/lukas-og-ida-2.jpg 600w\" sizes=\"(max-width: 180px) 85vw, 180px\" \/><\/a>\n\t\t\t<\/div><\/figure><figure class='gallery-item'>\n\t\t\t<div class='gallery-icon landscape'>\n\t\t\t\t<a href='https:\/\/grete.duna.no\/blog\/2015\/04\/02\/jobbe-og-kosedager\/lukas-og-ida-1\/'><img width=\"180\" height=\"180\" src=\"https:\/\/grete.duna.no\/blog\/wp-content\/uploads\/2015\/04\/lukas-og-ida-1-180x180.jpg\" class=\"attachment-thumbnail size-thumbnail\" alt=\"\" decoding=\"async\" loading=\"lazy\" srcset=\"https:\/\/grete.duna.no\/blog\/wp-content\/uploads\/2015\/04\/lukas-og-ida-1-180x180.jpg 180w, https:\/\/grete.duna.no\/blog\/wp-content\/uploads\/2015\/04\/lukas-og-ida-1-300x300.jpg 300w, https:\/\/grete.duna.no\/blog\/wp-content\/uploads\/2015\/04\/lukas-og-ida-1.jpg 600w\" sizes=\"(max-width: 180px) 85vw, 180px\" \/><\/a>\n\t\t\t<\/div><\/figure><figure class='gallery-item'>\n\t\t\t<div class='gallery-icon landscape'>\n\t\t\t\t<a href='https:\/\/grete.duna.no\/blog\/2015\/04\/02\/jobbe-og-kosedager\/lukas-og-ida-3\/'><img width=\"180\" height=\"180\" src=\"https:\/\/grete.duna.no\/blog\/wp-content\/uploads\/2015\/04\/lukas-og-ida-3-180x180.jpg\" class=\"attachment-thumbnail size-thumbnail\" alt=\"\" decoding=\"async\" loading=\"lazy\" srcset=\"https:\/\/grete.duna.no\/blog\/wp-content\/uploads\/2015\/04\/lukas-og-ida-3-180x180.jpg 180w, https:\/\/grete.duna.no\/blog\/wp-content\/uploads\/2015\/04\/lukas-og-ida-3-300x300.jpg 300w, https:\/\/grete.duna.no\/blog\/wp-content\/uploads\/2015\/04\/lukas-og-ida-3.jpg 600w\" sizes=\"(max-width: 180px) 85vw, 180px\" \/><\/a>\n\t\t\t<\/div><\/figure>\n\t\t<\/div>\n\n<p>De to f\u00f8rste dagene av april har virkelig hatt alle typer v\u00e6r \u2013 oppskriftsmessig etter b\u00e5de v\u00e6rmelding og kalender, egentlig. Vi har hatt <strong>MASSE<\/strong> arbeid med vedb\u00e6ring og b\u00e5lbrenning, men jammen har vi hatt mye kos ogs\u00e5. Ida Sofie, Lukas og jeg har leika oss i fj\u00e6ra b\u00e5de p\u00e5 Solfang og i K\u00e5rstubukta, s\u00e5 solskinns\u00f8yeblikkene har vi utnyttet til fulle.<br \/>\n<a href=\"http:\/\/grete.duna.no\/blog\/wp-content\/uploads\/2015\/04\/lukas-utkikk.jpg\"><img decoding=\"async\" loading=\"lazy\" class=\"alignright size-full wp-image-18962\" style=\"border: 1px solid black;\" src=\"http:\/\/grete.duna.no\/blog\/wp-content\/uploads\/2015\/04\/lukas-utkikk.jpg\" alt=\"lukas-utkikk\" width=\"1280\" height=\"692\" srcset=\"https:\/\/grete.duna.no\/blog\/wp-content\/uploads\/2015\/04\/lukas-utkikk.jpg 1280w, https:\/\/grete.duna.no\/blog\/wp-content\/uploads\/2015\/04\/lukas-utkikk-300x162.jpg 300w, https:\/\/grete.duna.no\/blog\/wp-content\/uploads\/2015\/04\/lukas-utkikk-1024x554.jpg 1024w\" sizes=\"(max-width: 709px) 85vw, (max-width: 909px) 67vw, (max-width: 1362px) 62vw, 840px\" \/><\/a><br \/>\nLukas har fast plass p\u00e5 steinen i fj\u00e6ra; tro om vi f\u00e5r hamret den i stykker i l\u00f8pet av sommeren?<br \/>\n<a href=\"http:\/\/grete.duna.no\/blog\/wp-content\/uploads\/2015\/04\/ida-drikkepause.jpg\"><img decoding=\"async\" loading=\"lazy\" class=\"alignright size-full wp-image-18957\" style=\"border: 1px solid black;\" src=\"http:\/\/grete.duna.no\/blog\/wp-content\/uploads\/2015\/04\/ida-drikkepause.jpg\" alt=\"ida-drikkepause\" width=\"1280\" height=\"721\" srcset=\"https:\/\/grete.duna.no\/blog\/wp-content\/uploads\/2015\/04\/ida-drikkepause.jpg 1280w, https:\/\/grete.duna.no\/blog\/wp-content\/uploads\/2015\/04\/ida-drikkepause-300x169.jpg 300w, https:\/\/grete.duna.no\/blog\/wp-content\/uploads\/2015\/04\/ida-drikkepause-1024x577.jpg 1024w\" sizes=\"(max-width: 709px) 85vw, (max-width: 909px) 67vw, (max-width: 1362px) 62vw, 840px\" \/><\/a>\u00a0Ida tar en velfortjent drikkepause mens vi rydder unna tr\u00e6r og r\u00f8tter<br \/>\n<a href=\"http:\/\/grete.duna.no\/blog\/wp-content\/uploads\/2015\/04\/bestefar-og-lukas-rast.jpg\"><img decoding=\"async\" loading=\"lazy\" class=\"alignright size-full wp-image-18965\" style=\"border: 1px solid black;\" src=\"http:\/\/grete.duna.no\/blog\/wp-content\/uploads\/2015\/04\/bestefar-og-lukas-rast.jpg\" alt=\"bestefar-og-lukas-rast\" width=\"600\" height=\"743\" srcset=\"https:\/\/grete.duna.no\/blog\/wp-content\/uploads\/2015\/04\/bestefar-og-lukas-rast.jpg 600w, https:\/\/grete.duna.no\/blog\/wp-content\/uploads\/2015\/04\/bestefar-og-lukas-rast-242x300.jpg 242w\" sizes=\"(max-width: 709px) 85vw, (max-width: 909px) 67vw, (max-width: 984px) 61vw, (max-width: 1362px) 45vw, 600px\" \/><\/a> Bestefar f\u00e5r ogs\u00e5 en liten god-t\u00e5r etter hard arbeids\u00f8kt \u2013 Lukas er godt kamuflert i terrenget<br \/>\n<a href=\"http:\/\/grete.duna.no\/blog\/wp-content\/uploads\/2015\/04\/lukas-og-fredrik.jpg\"><img decoding=\"async\" loading=\"lazy\" class=\"alignright size-full wp-image-18966\" style=\"border: 1px solid black;\" src=\"http:\/\/grete.duna.no\/blog\/wp-content\/uploads\/2015\/04\/lukas-og-fredrik.jpg\" alt=\"lukas-og-fredrik\" width=\"1280\" height=\"682\" srcset=\"https:\/\/grete.duna.no\/blog\/wp-content\/uploads\/2015\/04\/lukas-og-fredrik.jpg 1280w, https:\/\/grete.duna.no\/blog\/wp-content\/uploads\/2015\/04\/lukas-og-fredrik-300x160.jpg 300w, https:\/\/grete.duna.no\/blog\/wp-content\/uploads\/2015\/04\/lukas-og-fredrik-1024x546.jpg 1024w\" sizes=\"(max-width: 709px) 85vw, (max-width: 909px) 67vw, (max-width: 1362px) 62vw, 840px\" \/><\/a><br \/>\nDet g\u00e5r an \u00e5 nyte en slik dag nede p\u00e5 holmen, Fredrik og Lukas koser seg<br \/>\n<a href=\"http:\/\/grete.duna.no\/blog\/wp-content\/uploads\/2015\/04\/bal-i-sola.jpg\"><img decoding=\"async\" loading=\"lazy\" class=\"alignright size-full wp-image-18967\" style=\"border: 1px solid black;\" src=\"http:\/\/grete.duna.no\/blog\/wp-content\/uploads\/2015\/04\/bal-i-sola.jpg\" alt=\"bal-i-sola\" width=\"1280\" height=\"719\" srcset=\"https:\/\/grete.duna.no\/blog\/wp-content\/uploads\/2015\/04\/bal-i-sola.jpg 1280w, https:\/\/grete.duna.no\/blog\/wp-content\/uploads\/2015\/04\/bal-i-sola-300x169.jpg 300w, https:\/\/grete.duna.no\/blog\/wp-content\/uploads\/2015\/04\/bal-i-sola-1024x575.jpg 1024w\" sizes=\"(max-width: 709px) 85vw, (max-width: 909px) 67vw, (max-width: 1362px) 62vw, 840px\" \/><\/a> B\u00e5let ble etter hvert ganske digert<br \/>\n<a href=\"http:\/\/grete.duna.no\/blog\/wp-content\/uploads\/2015\/04\/lukas-og-ida-pa-holmen.jpg\"><img decoding=\"async\" loading=\"lazy\" class=\"alignright size-full wp-image-18961\" style=\"border: 1px solid black;\" src=\"http:\/\/grete.duna.no\/blog\/wp-content\/uploads\/2015\/04\/lukas-og-ida-pa-holmen.jpg\" alt=\"lukas-og-ida-pa-holmen\" width=\"1280\" height=\"721\" srcset=\"https:\/\/grete.duna.no\/blog\/wp-content\/uploads\/2015\/04\/lukas-og-ida-pa-holmen.jpg 1280w, https:\/\/grete.duna.no\/blog\/wp-content\/uploads\/2015\/04\/lukas-og-ida-pa-holmen-300x169.jpg 300w, https:\/\/grete.duna.no\/blog\/wp-content\/uploads\/2015\/04\/lukas-og-ida-pa-holmen-1024x577.jpg 1024w\" sizes=\"(max-width: 709px) 85vw, (max-width: 909px) 67vw, (max-width: 1362px) 62vw, 840px\" \/><\/a> To gode venner; Ida og Lukas str\u00e5ler om kapp med sola.<\/p>\n<p>Og n\u00e5 avslutter vi hyttep\u00e5ska for denne gang og vender nesen hjem til v\u00e5ren p\u00e5 haugen! Noen av oss ser allerede frem til neste tur til Vikan \ud83d\ude42<\/p>\n","protected":false},"excerpt":{"rendered":"<p>De to f\u00f8rste dagene av april har virkelig hatt alle typer v\u00e6r \u2013 oppskriftsmessig etter b\u00e5de v\u00e6rmelding og kalender, egentlig. Vi har hatt MASSE arbeid med vedb\u00e6ring og b\u00e5lbrenning, men jammen har vi hatt mye kos ogs\u00e5. Ida Sofie, Lukas og jeg har leika oss i fj\u00e6ra b\u00e5de p\u00e5 Solfang og i K\u00e5rstubukta, s\u00e5 solskinns\u00f8yeblikkene &hellip; <a href=\"https:\/\/grete.duna.no\/blog\/2015\/04\/02\/jobbe-og-kosedager\/\" class=\"more-link\">Continue reading<span class=\"screen-reader-text\"> &#8220;Jobbe- og kosedager&#8221;<\/span><\/a><\/p>\n","protected":false},"author":2,"featured_media":0,"comment_status":"open","ping_status":"open","sticky":false,"template":"","format":"standard","meta":[],"categories":[9,11,39,6],"tags":[32,53,42,77,275,165,46,17,61,76,102,13,19,47,85,99],"_links":{"self":[{"href":"https:\/\/grete.duna.no\/blog\/wp-json\/wp\/v2\/posts\/18955"}],"collection":[{"href":"https:\/\/grete.duna.no\/blog\/wp-json\/wp\/v2\/posts"}],"about":[{"href":"https:\/\/grete.duna.no\/blog\/wp-json\/wp\/v2\/types\/post"}],"author":[{"embeddable":true,"href":"https:\/\/grete.duna.no\/blog\/wp-json\/wp\/v2\/users\/2"}],"replies":[{"embeddable":true,"href":"https:\/\/grete.duna.no\/blog\/wp-json\/wp\/v2\/comments?post=18955"}],"version-history":[{"count":4,"href":"https:\/\/grete.duna.no\/blog\/wp-json\/wp\/v2\/posts\/18955\/revisions"}],"predecessor-version":[{"id":18969,"href":"https:\/\/grete.duna.no\/blog\/wp-json\/wp\/v2\/posts\/18955\/revisions\/18969"}],"wp:attachment":[{"href":"https:\/\/grete.duna.no\/blog\/wp-json\/wp\/v2\/media?parent=18955"}],"wp:term":[{"taxonomy":"category","embeddable":true,"href":"https:\/\/grete.duna.no\/blog\/wp-json\/wp\/v2\/categories?post=18955"},{"taxonomy":"post_tag","embeddable":true,"href":"https:\/\/grete.duna.no\/blog\/wp-json\/wp\/v2\/tags?post=18955"}],"curies":[{"name":"wp","href":"https:\/\/api.w.org\/{rel}","templated":true}]}}