{"id":19120,"date":"2015-05-10T19:19:40","date_gmt":"2015-05-10T17:19:40","guid":{"rendered":"http:\/\/grete.duna.no\/blog\/?p=19120"},"modified":"2015-05-10T19:19:40","modified_gmt":"2015-05-10T17:19:40","slug":"gutta-pa-siste-tur-sluttrapport-3","status":"publish","type":"post","link":"https:\/\/grete.duna.no\/blog\/2015\/05\/10\/gutta-pa-siste-tur-sluttrapport-3\/","title":{"rendered":"Gutta p\u00e5 (siste) tur \u2013 sluttrapport #3"},"content":{"rendered":"<p><a href=\"http:\/\/grete.duna.no\/blog\/wp-content\/uploads\/2015\/05\/traceroute.jpg\"><img decoding=\"async\" loading=\"lazy\" class=\"alignright size-full wp-image-19125\" style=\"border: 1px solid black;\" src=\"http:\/\/grete.duna.no\/blog\/wp-content\/uploads\/2015\/05\/traceroute.jpg\" alt=\"traceroute\" width=\"1280\" height=\"353\" srcset=\"https:\/\/grete.duna.no\/blog\/wp-content\/uploads\/2015\/05\/traceroute.jpg 1280w, https:\/\/grete.duna.no\/blog\/wp-content\/uploads\/2015\/05\/traceroute-300x83.jpg 300w, https:\/\/grete.duna.no\/blog\/wp-content\/uploads\/2015\/05\/traceroute-1024x282.jpg 1024w\" sizes=\"(max-width: 709px) 85vw, (max-width: 909px) 67vw, (max-width: 1362px) 62vw, 840px\" \/><\/a>S\u00e5 har \u00f8yeblikket kommet (<em>eller egentlig er det passert<\/em>) da den f\u00f8rste trafikken gjennom sj\u00f8fiberkabelen er et faktum. For de som ikke hadde annet fore en l\u00f8rdagskveld kl. 21:27 var dette en skikkelig <em>h\u00f6jdare<\/em>.<br \/>\n<a href=\"http:\/\/grete.duna.no\/blog\/wp-content\/uploads\/2015\/05\/nettfart.jpg\"><img decoding=\"async\" loading=\"lazy\" class=\"alignright size-full wp-image-19123\" style=\"border: 1px solid black;\" src=\"http:\/\/grete.duna.no\/blog\/wp-content\/uploads\/2015\/05\/nettfart.jpg\" alt=\"nettfart\" width=\"1280\" height=\"960\" srcset=\"https:\/\/grete.duna.no\/blog\/wp-content\/uploads\/2015\/05\/nettfart.jpg 1280w, https:\/\/grete.duna.no\/blog\/wp-content\/uploads\/2015\/05\/nettfart-300x225.jpg 300w, https:\/\/grete.duna.no\/blog\/wp-content\/uploads\/2015\/05\/nettfart-1024x768.jpg 1024w\" sizes=\"(max-width: 709px) 85vw, (max-width: 909px) 67vw, (max-width: 1362px) 62vw, 840px\" \/><\/a>Og de fleste har sikkert m\u00e5lt hastigheten p\u00e5 nettet sitt \u2013 se om du f\u00e5r disse tallene hjemme!<br \/>\n<a href=\"http:\/\/grete.duna.no\/blog\/wp-content\/uploads\/2015\/05\/testresultat.jpg\"><img decoding=\"async\" loading=\"lazy\" class=\"alignright size-full wp-image-19130\" src=\"http:\/\/grete.duna.no\/blog\/wp-content\/uploads\/2015\/05\/testresultat.jpg\" alt=\"testresultat\" width=\"1280\" height=\"993\" srcset=\"https:\/\/grete.duna.no\/blog\/wp-content\/uploads\/2015\/05\/testresultat.jpg 1280w, https:\/\/grete.duna.no\/blog\/wp-content\/uploads\/2015\/05\/testresultat-300x233.jpg 300w, https:\/\/grete.duna.no\/blog\/wp-content\/uploads\/2015\/05\/testresultat-1024x794.jpg 1024w\" sizes=\"(max-width: 709px) 85vw, (max-width: 909px) 67vw, (max-width: 1362px) 62vw, 840px\" \/><\/a> Det ble b\u00e5de jubel og feiring i Ny-\u00c5lesund i g\u00e5r, naturligvis. Heldigvis har gutta sendt hjem bilder og rapporter s\u00e5nn at vi andre kan bli enda litt mer misunnelig p\u00e5 dem. Her er et utdrag av de glimrende rapportene fra de siste par dagene:<br \/>\n<a href=\"http:\/\/grete.duna.no\/blog\/wp-content\/uploads\/2015\/05\/selfie-stein.jpg\"><img decoding=\"async\" loading=\"lazy\" class=\"alignright size-full wp-image-19124\" style=\"border: 1px solid black;\" src=\"http:\/\/grete.duna.no\/blog\/wp-content\/uploads\/2015\/05\/selfie-stein.jpg\" alt=\"selfie-stein\" width=\"1280\" height=\"787\" srcset=\"https:\/\/grete.duna.no\/blog\/wp-content\/uploads\/2015\/05\/selfie-stein.jpg 1280w, https:\/\/grete.duna.no\/blog\/wp-content\/uploads\/2015\/05\/selfie-stein-300x184.jpg 300w, https:\/\/grete.duna.no\/blog\/wp-content\/uploads\/2015\/05\/selfie-stein-1024x630.jpg 1024w\" sizes=\"(max-width: 709px) 85vw, (max-width: 909px) 67vw, (max-width: 1362px) 62vw, 840px\" \/><\/a><br \/>\nSelfie har funnet en liten klippe \u00e5 sole seg p\u00e5. Tror han savner oss som romsterte p\u00e5 vannet i fjor! Gutta fotograferte ham p\u00e5 sin vandring med kamera.<\/p>\n<p><em>Oppsett av noden gikk relativt smertefritt, men det blir litt mer armer og bein n\u00e5r vi holder p\u00e5 4 mann inn og ut av det lille krypinnet til Grete. Men som ungdommen sier &#8220;<strong>det er herr\u00b4re er party<\/strong>&#8220;. I Frodebu har ikke d\u00f8ra v\u00e6rt \u00e5pnet engang idag \u2013 et sted litt mer egnet for rekerasjon og ettertanke.<\/em><br \/>\n<a href=\"http:\/\/grete.duna.no\/blog\/wp-content\/uploads\/2015\/05\/gutta-gretebu.jpg\"><img decoding=\"async\" loading=\"lazy\" class=\"alignright size-full wp-image-19121\" style=\"border: 1px solid black;\" src=\"http:\/\/grete.duna.no\/blog\/wp-content\/uploads\/2015\/05\/gutta-gretebu.jpg\" alt=\"gutta-gretebu\" width=\"1280\" height=\"753\" srcset=\"https:\/\/grete.duna.no\/blog\/wp-content\/uploads\/2015\/05\/gutta-gretebu.jpg 1280w, https:\/\/grete.duna.no\/blog\/wp-content\/uploads\/2015\/05\/gutta-gretebu-300x176.jpg 300w, https:\/\/grete.duna.no\/blog\/wp-content\/uploads\/2015\/05\/gutta-gretebu-1024x602.jpg 1024w\" sizes=\"(max-width: 709px) 85vw, (max-width: 909px) 67vw, (max-width: 1362px) 62vw, 840px\" \/><\/a><em>Da vi kom ut til Brandalen igjen h\u00f8rte vi et lurveleven allerede da vi gikk ut av bilen, 50 meter unna Gretebu. Viftene gikk i h\u00f8ygir der inne, resirkulerte stadig varmere luft. Varmen slo mot oss da vi \u00e5pnet d\u00f8ra. DWDM-noden genererer dugelig med varme! Vi hadde ogs\u00e5 varmealarm p\u00e5 batteriene inne i 48V-skapet.<\/em><\/p>\n<p><em><a href=\"http:\/\/grete.duna.no\/blog\/wp-content\/uploads\/2015\/05\/dagens-outfit.jpg\"><img decoding=\"async\" loading=\"lazy\" class=\"alignright size-full wp-image-19129\" src=\"http:\/\/grete.duna.no\/blog\/wp-content\/uploads\/2015\/05\/dagens-outfit.jpg\" alt=\"dagens-outfit\" width=\"1280\" height=\"734\" srcset=\"https:\/\/grete.duna.no\/blog\/wp-content\/uploads\/2015\/05\/dagens-outfit.jpg 1280w, https:\/\/grete.duna.no\/blog\/wp-content\/uploads\/2015\/05\/dagens-outfit-300x172.jpg 300w, https:\/\/grete.duna.no\/blog\/wp-content\/uploads\/2015\/05\/dagens-outfit-1024x587.jpg 1024w\" sizes=\"(max-width: 709px) 85vw, (max-width: 909px) 67vw, (max-width: 1362px) 62vw, 840px\" \/><\/a>Dagens outfit: Gul jakke med logo, gul bukse, varme sko type Sorel. Solbriller!<\/em> <em>P\u00e5 vei tilbake valgte Kursoh og Helge \u00e5 g\u00e5, brukte 40 min med b\u00f8rsa p\u00e5 ryggen. (De sm\u00e5sprang trolig, redd for bamsefar \u2026 ) Frode og Olli stoppet innom Kartverket og fikk en fin gjennomgang av hva de egentlig driver med p\u00e5 VLBI-stasjonen. (<strong>Dagens fakta: p\u00e5 de siste 20 \u00e5r har Ny-\u00c5lesund steget med 14 cm<\/strong>)<\/em><br \/>\n<a href=\"http:\/\/grete.duna.no\/blog\/wp-content\/uploads\/2015\/05\/kapp-mitra.jpg\"><img decoding=\"async\" loading=\"lazy\" class=\"alignright size-full wp-image-19122\" style=\"border: 1px solid black;\" src=\"http:\/\/grete.duna.no\/blog\/wp-content\/uploads\/2015\/05\/kapp-mitra.jpg\" alt=\"kapp-mitra\" width=\"1280\" height=\"449\" srcset=\"https:\/\/grete.duna.no\/blog\/wp-content\/uploads\/2015\/05\/kapp-mitra.jpg 1280w, https:\/\/grete.duna.no\/blog\/wp-content\/uploads\/2015\/05\/kapp-mitra-300x105.jpg 300w, https:\/\/grete.duna.no\/blog\/wp-content\/uploads\/2015\/05\/kapp-mitra-1024x359.jpg 1024w\" sizes=\"(max-width: 709px) 85vw, (max-width: 909px) 67vw, (max-width: 1362px) 62vw, 840px\" \/><\/a><br \/>\nDette er Kapp Mitra, et landemerke du kan stirre lenge p\u00e5 fra sj\u00f8en n\u00e5r du forlater Ny-\u00c5lesund<br \/>\n<a href=\"http:\/\/grete.duna.no\/blog\/wp-content\/uploads\/2015\/05\/brandalhytta-lykta.jpg\"><img decoding=\"async\" loading=\"lazy\" class=\"alignright size-full wp-image-19126\" style=\"border: 1px solid black;\" src=\"http:\/\/grete.duna.no\/blog\/wp-content\/uploads\/2015\/05\/brandalhytta-lykta.jpg\" alt=\"brandalhytta-lykta\" width=\"1280\" height=\"854\" srcset=\"https:\/\/grete.duna.no\/blog\/wp-content\/uploads\/2015\/05\/brandalhytta-lykta.jpg 1280w, https:\/\/grete.duna.no\/blog\/wp-content\/uploads\/2015\/05\/brandalhytta-lykta-300x200.jpg 300w, https:\/\/grete.duna.no\/blog\/wp-content\/uploads\/2015\/05\/brandalhytta-lykta-1024x683.jpg 1024w\" sizes=\"(max-width: 709px) 85vw, (max-width: 909px) 67vw, (max-width: 1362px) 62vw, 840px\" \/><\/a><br \/>\nOg dette er Brandalhytta med sikt mot lykta helt ute p\u00e5 pynten \u2013 jeg kan bare gjenta enda en gang at dette er mitt favorittsted! Dette bildet f\u00e5r bli mitt farvel til rapportene og til vakre Svalbard. Vel bl\u00e5st til prosjektet og alle som har deltatt, takk for f\u00f8lget!<br \/>\n<a href=\"http:\/\/grete.duna.no\/blog\/wp-content\/uploads\/2014\/04\/hilsen-grete.png\"><img decoding=\"async\" loading=\"lazy\" class=\" size-full wp-image-16388 aligncenter\" src=\"http:\/\/grete.duna.no\/blog\/wp-content\/uploads\/2014\/04\/hilsen-grete.png\" alt=\"hilsen-grete\" width=\"151\" height=\"43\" \/><\/a><\/p>\n","protected":false},"excerpt":{"rendered":"<p>S\u00e5 har \u00f8yeblikket kommet (eller egentlig er det passert) da den f\u00f8rste trafikken gjennom sj\u00f8fiberkabelen er et faktum. For de som ikke hadde annet fore en l\u00f8rdagskveld kl. 21:27 var dette en skikkelig h\u00f6jdare. Og de fleste har sikkert m\u00e5lt hastigheten p\u00e5 nettet sitt \u2013 se om du f\u00e5r disse tallene hjemme! Det ble b\u00e5de &hellip; <a href=\"https:\/\/grete.duna.no\/blog\/2015\/05\/10\/gutta-pa-siste-tur-sluttrapport-3\/\" class=\"more-link\">Continue reading<span class=\"screen-reader-text\"> &#8220;Gutta p\u00e5 (siste) tur \u2013 sluttrapport #3&#8221;<\/span><\/a><\/p>\n","protected":false},"author":2,"featured_media":0,"comment_status":"open","ping_status":"open","sticky":false,"template":"","format":"standard","meta":[],"categories":[10],"tags":[222,201,154,55,223],"_links":{"self":[{"href":"https:\/\/grete.duna.no\/blog\/wp-json\/wp\/v2\/posts\/19120"}],"collection":[{"href":"https:\/\/grete.duna.no\/blog\/wp-json\/wp\/v2\/posts"}],"about":[{"href":"https:\/\/grete.duna.no\/blog\/wp-json\/wp\/v2\/types\/post"}],"author":[{"embeddable":true,"href":"https:\/\/grete.duna.no\/blog\/wp-json\/wp\/v2\/users\/2"}],"replies":[{"embeddable":true,"href":"https:\/\/grete.duna.no\/blog\/wp-json\/wp\/v2\/comments?post=19120"}],"version-history":[{"count":5,"href":"https:\/\/grete.duna.no\/blog\/wp-json\/wp\/v2\/posts\/19120\/revisions"}],"predecessor-version":[{"id":19133,"href":"https:\/\/grete.duna.no\/blog\/wp-json\/wp\/v2\/posts\/19120\/revisions\/19133"}],"wp:attachment":[{"href":"https:\/\/grete.duna.no\/blog\/wp-json\/wp\/v2\/media?parent=19120"}],"wp:term":[{"taxonomy":"category","embeddable":true,"href":"https:\/\/grete.duna.no\/blog\/wp-json\/wp\/v2\/categories?post=19120"},{"taxonomy":"post_tag","embeddable":true,"href":"https:\/\/grete.duna.no\/blog\/wp-json\/wp\/v2\/tags?post=19120"}],"curies":[{"name":"wp","href":"https:\/\/api.w.org\/{rel}","templated":true}]}}