{"id":19140,"date":"2015-05-13T00:07:47","date_gmt":"2015-05-12T22:07:47","guid":{"rendered":"http:\/\/grete.duna.no\/blog\/?p=19140"},"modified":"2017-05-22T14:59:34","modified_gmt":"2017-05-22T12:59:34","slug":"ny-varjakke","status":"publish","type":"post","link":"https:\/\/grete.duna.no\/blog\/2015\/05\/13\/ny-varjakke\/","title":{"rendered":"Ny v\u00e5rjakke"},"content":{"rendered":"<p>Det burde liksom v\u00e6re litt varmere n\u00e5, snart midt i mai! Men det er s\u00e5 kaldt at, fysj \u2026 Jeg har kj\u00f8pt meg en ny v\u00e5rjakke, for det passer tross alt ikke \u00e5 g\u00e5 med vinterkl\u00e6r lenger. Jakka er av tynn ull og er riktig s\u00e5 fjong. Med litt passende tilbeh\u00f8r kan jeg i alle fall bevege meg utend\u00f8rs til det g\u00e5r an \u00e5 droppe jakka helt.<br \/>\n<a href=\"http:\/\/grete.duna.no\/blog\/wp-content\/uploads\/2015\/05\/jakke.jpg\"><img decoding=\"async\" loading=\"lazy\" class=\"alignright size-full wp-image-19142\" src=\"http:\/\/grete.duna.no\/blog\/wp-content\/uploads\/2015\/05\/jakke.jpg\" alt=\"jakke\" width=\"800\" height=\"1087\" srcset=\"https:\/\/grete.duna.no\/blog\/wp-content\/uploads\/2015\/05\/jakke.jpg 800w, https:\/\/grete.duna.no\/blog\/wp-content\/uploads\/2015\/05\/jakke-221x300.jpg 221w, https:\/\/grete.duna.no\/blog\/wp-content\/uploads\/2015\/05\/jakke-754x1024.jpg 754w\" sizes=\"(max-width: 709px) 85vw, (max-width: 909px) 67vw, (max-width: 984px) 61vw, (max-width: 1362px) 45vw, 600px\" \/><\/a><\/p>\n<p>N\u00e5 skal jeg spekulere ut hva som blir finest \u00e5 bruke sammen med denne \u2013 et livat, lett skjerf kanskje? M\u00e5 titte litt i strikkekurven \u2026<\/p>\n","protected":false},"excerpt":{"rendered":"<p>Det burde liksom v\u00e6re litt varmere n\u00e5, snart midt i mai! Men det er s\u00e5 kaldt at, fysj \u2026 Jeg har kj\u00f8pt meg en ny v\u00e5rjakke, for det passer tross alt ikke \u00e5 g\u00e5 med vinterkl\u00e6r lenger. Jakka er av tynn ull og er riktig s\u00e5 fjong. Med litt passende tilbeh\u00f8r kan jeg i alle &hellip; <a href=\"https:\/\/grete.duna.no\/blog\/2015\/05\/13\/ny-varjakke\/\" class=\"more-link\">Continue reading<span class=\"screen-reader-text\"> &#8220;Ny v\u00e5rjakke&#8221;<\/span><\/a><\/p>\n","protected":false},"author":2,"featured_media":0,"comment_status":"open","ping_status":"open","sticky":false,"template":"","format":"standard","meta":[],"categories":[11,43,195],"tags":[237,178,67,44,19],"_links":{"self":[{"href":"https:\/\/grete.duna.no\/blog\/wp-json\/wp\/v2\/posts\/19140"}],"collection":[{"href":"https:\/\/grete.duna.no\/blog\/wp-json\/wp\/v2\/posts"}],"about":[{"href":"https:\/\/grete.duna.no\/blog\/wp-json\/wp\/v2\/types\/post"}],"author":[{"embeddable":true,"href":"https:\/\/grete.duna.no\/blog\/wp-json\/wp\/v2\/users\/2"}],"replies":[{"embeddable":true,"href":"https:\/\/grete.duna.no\/blog\/wp-json\/wp\/v2\/comments?post=19140"}],"version-history":[{"count":2,"href":"https:\/\/grete.duna.no\/blog\/wp-json\/wp\/v2\/posts\/19140\/revisions"}],"predecessor-version":[{"id":19148,"href":"https:\/\/grete.duna.no\/blog\/wp-json\/wp\/v2\/posts\/19140\/revisions\/19148"}],"wp:attachment":[{"href":"https:\/\/grete.duna.no\/blog\/wp-json\/wp\/v2\/media?parent=19140"}],"wp:term":[{"taxonomy":"category","embeddable":true,"href":"https:\/\/grete.duna.no\/blog\/wp-json\/wp\/v2\/categories?post=19140"},{"taxonomy":"post_tag","embeddable":true,"href":"https:\/\/grete.duna.no\/blog\/wp-json\/wp\/v2\/tags?post=19140"}],"curies":[{"name":"wp","href":"https:\/\/api.w.org\/{rel}","templated":true}]}}