{"id":19203,"date":"2015-05-23T20:46:48","date_gmt":"2015-05-23T18:46:48","guid":{"rendered":"http:\/\/grete.duna.no\/blog\/?p=19203"},"modified":"2016-06-20T12:23:56","modified_gmt":"2016-06-20T10:23:56","slug":"molly-min-versjon","status":"publish","type":"post","link":"https:\/\/grete.duna.no\/blog\/2015\/05\/23\/molly-min-versjon\/","title":{"rendered":"Molly \u2013 min versjon"},"content":{"rendered":"<p>Den eneste strikkedesigneren jeg kjenner (litt) er <a href=\"http:\/\/www.ravelry.com\/designers\/birte-aartun\">Birte<\/a>, og hun har laget den nydelige <a href=\"http:\/\/dustorealpakka.com\/vaare-oppskrifter\/maskerader\/maskerader-nr-30\/molly\/\">Molly-jakken<\/a>. Jeg syns den er veldig s\u00f8t, og hadde lyst \u00e5 lage en til meg selv. N\u00e5 er den ferdig, med knapper og det hele.<br \/>\n<a href=\"http:\/\/grete.duna.no\/blog\/wp-content\/uploads\/2015\/05\/mollyjakka.jpg\"><img decoding=\"async\" loading=\"lazy\" class=\"alignright size-full wp-image-19204\" src=\"http:\/\/grete.duna.no\/blog\/wp-content\/uploads\/2015\/05\/mollyjakka.jpg\" alt=\"mollyjakka\" width=\"3685\" height=\"2160\" srcset=\"https:\/\/grete.duna.no\/blog\/wp-content\/uploads\/2015\/05\/mollyjakka.jpg 3685w, https:\/\/grete.duna.no\/blog\/wp-content\/uploads\/2015\/05\/mollyjakka-300x176.jpg 300w, https:\/\/grete.duna.no\/blog\/wp-content\/uploads\/2015\/05\/mollyjakka-1024x600.jpg 1024w\" sizes=\"(max-width: 709px) 85vw, (max-width: 909px) 67vw, (max-width: 1362px) 62vw, 840px\" \/><\/a><br \/>\nJeg har forandret litt underveis \u2013 stolpene og kragen er bare rillestrikket i stedet for heklet. Jeg har brukt bare tre farger \u2013 ikke fire som i oppskriften \u2013 og de er langt unna <a href=\"http:\/\/dustorealpakka.com\/vaare-oppskrifter\/maskerader\/maskerader-nr-30\/molly\/\">originalen<\/a>. <a href=\"http:\/\/grete.duna.no\/blog\/wp-content\/uploads\/2015\/05\/hjerte_tre.jpg\"><img decoding=\"async\" loading=\"lazy\" class=\"alignright size-full wp-image-19209\" src=\"http:\/\/grete.duna.no\/blog\/wp-content\/uploads\/2015\/05\/hjerte_tre.jpg\" alt=\"hjerte_tre\" width=\"3428\" height=\"1401\" srcset=\"https:\/\/grete.duna.no\/blog\/wp-content\/uploads\/2015\/05\/hjerte_tre.jpg 3428w, https:\/\/grete.duna.no\/blog\/wp-content\/uploads\/2015\/05\/hjerte_tre-300x123.jpg 300w, https:\/\/grete.duna.no\/blog\/wp-content\/uploads\/2015\/05\/hjerte_tre-1024x419.jpg 1024w\" sizes=\"(max-width: 709px) 85vw, (max-width: 909px) 67vw, (max-width: 1362px) 62vw, 840px\" \/><\/a><br \/>\nDet er ikke alltid s\u00e5 lett \u00e5 finne riktige knapper, men jeg er veldig glad i hjerter og valgte hjerteknapper i tre, synes de er s\u00e5 fine.<\/p>\n<div id='gallery-1' class='gallery galleryid-19203 gallery-columns-3 gallery-size-thumbnail'><figure class='gallery-item'>\n\t\t\t<div class='gallery-icon landscape'>\n\t\t\t\t<a href='https:\/\/grete.duna.no\/blog\/2015\/05\/23\/molly-min-versjon\/molly-detaljer\/'><img width=\"180\" height=\"180\" src=\"https:\/\/grete.duna.no\/blog\/wp-content\/uploads\/2015\/05\/molly-detaljer-180x180.jpg\" class=\"attachment-thumbnail size-thumbnail\" alt=\"\" decoding=\"async\" loading=\"lazy\" aria-describedby=\"gallery-1-19205\" srcset=\"https:\/\/grete.duna.no\/blog\/wp-content\/uploads\/2015\/05\/molly-detaljer-180x180.jpg 180w, https:\/\/grete.duna.no\/blog\/wp-content\/uploads\/2015\/05\/molly-detaljer-300x300.jpg 300w, https:\/\/grete.duna.no\/blog\/wp-content\/uploads\/2015\/05\/molly-detaljer.jpg 600w\" sizes=\"(max-width: 180px) 85vw, 180px\" \/><\/a>\n\t\t\t<\/div>\n\t\t\t\t<figcaption class='wp-caption-text gallery-caption' id='gallery-1-19205'>\n\t\t\t\tDetaljer med klippekanten\n\t\t\t\t<\/figcaption><\/figure><figure class='gallery-item'>\n\t\t\t<div class='gallery-icon landscape'>\n\t\t\t\t<a href='https:\/\/grete.duna.no\/blog\/2015\/05\/23\/molly-min-versjon\/molly-erme\/'><img width=\"180\" height=\"180\" src=\"https:\/\/grete.duna.no\/blog\/wp-content\/uploads\/2015\/05\/molly-erme-180x180.jpg\" class=\"attachment-thumbnail size-thumbnail\" alt=\"\" decoding=\"async\" loading=\"lazy\" aria-describedby=\"gallery-1-19206\" srcset=\"https:\/\/grete.duna.no\/blog\/wp-content\/uploads\/2015\/05\/molly-erme-180x180.jpg 180w, https:\/\/grete.duna.no\/blog\/wp-content\/uploads\/2015\/05\/molly-erme-300x300.jpg 300w, https:\/\/grete.duna.no\/blog\/wp-content\/uploads\/2015\/05\/molly-erme.jpg 600w\" sizes=\"(max-width: 180px) 85vw, 180px\" \/><\/a>\n\t\t\t<\/div>\n\t\t\t\t<figcaption class='wp-caption-text gallery-caption' id='gallery-1-19206'>\n\t\t\t\tDetalj fra ermet\n\t\t\t\t<\/figcaption><\/figure><figure class='gallery-item'>\n\t\t\t<div class='gallery-icon landscape'>\n\t\t\t\t<a href='https:\/\/grete.duna.no\/blog\/2015\/05\/23\/molly-min-versjon\/molly-klippekant\/'><img width=\"180\" height=\"180\" src=\"https:\/\/grete.duna.no\/blog\/wp-content\/uploads\/2015\/05\/molly-klippekant-180x180.jpg\" class=\"attachment-thumbnail size-thumbnail\" alt=\"\" decoding=\"async\" loading=\"lazy\" aria-describedby=\"gallery-1-19207\" srcset=\"https:\/\/grete.duna.no\/blog\/wp-content\/uploads\/2015\/05\/molly-klippekant-180x180.jpg 180w, https:\/\/grete.duna.no\/blog\/wp-content\/uploads\/2015\/05\/molly-klippekant-300x300.jpg 300w, https:\/\/grete.duna.no\/blog\/wp-content\/uploads\/2015\/05\/molly-klippekant.jpg 600w\" sizes=\"(max-width: 180px) 85vw, 180px\" \/><\/a>\n\t\t\t<\/div>\n\t\t\t\t<figcaption class='wp-caption-text gallery-caption' id='gallery-1-19207'>\n\t\t\t\tF\u00f8r oppklipping\n\t\t\t\t<\/figcaption><\/figure>\n\t\t<\/div>\n\n<p>N\u00e5 har jeg noe nytt og festlig \u00e5 ha p\u00e5 meg neste gang jeg skal pynte meg litt \ud83d\ude42<\/p>\n","protected":false},"excerpt":{"rendered":"<p>Den eneste strikkedesigneren jeg kjenner (litt) er Birte, og hun har laget den nydelige Molly-jakken. Jeg syns den er veldig s\u00f8t, og hadde lyst \u00e5 lage en til meg selv. N\u00e5 er den ferdig, med knapper og det hele. Jeg har forandret litt underveis \u2013 stolpene og kragen er bare rillestrikket i stedet for heklet. &hellip; <a href=\"https:\/\/grete.duna.no\/blog\/2015\/05\/23\/molly-min-versjon\/\" class=\"more-link\">Continue reading<span class=\"screen-reader-text\"> &#8220;Molly \u2013 min versjon&#8221;<\/span><\/a><\/p>\n","protected":false},"author":2,"featured_media":0,"comment_status":"open","ping_status":"open","sticky":false,"template":"","format":"standard","meta":[],"categories":[11,43,195],"tags":[196,237,178,44],"_links":{"self":[{"href":"https:\/\/grete.duna.no\/blog\/wp-json\/wp\/v2\/posts\/19203"}],"collection":[{"href":"https:\/\/grete.duna.no\/blog\/wp-json\/wp\/v2\/posts"}],"about":[{"href":"https:\/\/grete.duna.no\/blog\/wp-json\/wp\/v2\/types\/post"}],"author":[{"embeddable":true,"href":"https:\/\/grete.duna.no\/blog\/wp-json\/wp\/v2\/users\/2"}],"replies":[{"embeddable":true,"href":"https:\/\/grete.duna.no\/blog\/wp-json\/wp\/v2\/comments?post=19203"}],"version-history":[{"count":3,"href":"https:\/\/grete.duna.no\/blog\/wp-json\/wp\/v2\/posts\/19203\/revisions"}],"predecessor-version":[{"id":19211,"href":"https:\/\/grete.duna.no\/blog\/wp-json\/wp\/v2\/posts\/19203\/revisions\/19211"}],"wp:attachment":[{"href":"https:\/\/grete.duna.no\/blog\/wp-json\/wp\/v2\/media?parent=19203"}],"wp:term":[{"taxonomy":"category","embeddable":true,"href":"https:\/\/grete.duna.no\/blog\/wp-json\/wp\/v2\/categories?post=19203"},{"taxonomy":"post_tag","embeddable":true,"href":"https:\/\/grete.duna.no\/blog\/wp-json\/wp\/v2\/tags?post=19203"}],"curies":[{"name":"wp","href":"https:\/\/api.w.org\/{rel}","templated":true}]}}