{"id":20291,"date":"2016-03-29T00:46:27","date_gmt":"2016-03-28T22:46:27","guid":{"rendered":"http:\/\/grete.duna.no\/blog\/?p=20291"},"modified":"2016-06-20T12:15:25","modified_gmt":"2016-06-20T10:15:25","slug":"babygenseren-til-junibabyen","status":"publish","type":"post","link":"https:\/\/grete.duna.no\/blog\/2016\/03\/29\/babygenseren-til-junibabyen\/","title":{"rendered":"Babygenseren til junibabyen"},"content":{"rendered":"<p>Joa, den ble ferdig den vesle genseren ogs\u00e5. Det mangler knapper p\u00e5 skuldrene forel\u00f8pig, men ellers syns jeg den ble veldig s\u00f8t. F\u00e5r h\u00e5pe den faller i smak!<br \/>\n<a href=\"http:\/\/grete.duna.no\/blog\/wp-content\/uploads\/2016\/03\/babygenser-uten-knapper.jpg\" rel=\"attachment wp-att-20312\"><img decoding=\"async\" loading=\"lazy\" class=\"alignright size-full wp-image-20312\" src=\"http:\/\/grete.duna.no\/blog\/wp-content\/uploads\/2016\/03\/babygenser-uten-knapper.jpg\" alt=\"babygenser-uten-knapper\" width=\"1280\" height=\"766\" srcset=\"https:\/\/grete.duna.no\/blog\/wp-content\/uploads\/2016\/03\/babygenser-uten-knapper.jpg 1280w, https:\/\/grete.duna.no\/blog\/wp-content\/uploads\/2016\/03\/babygenser-uten-knapper-300x180.jpg 300w, https:\/\/grete.duna.no\/blog\/wp-content\/uploads\/2016\/03\/babygenser-uten-knapper-768x460.jpg 768w, https:\/\/grete.duna.no\/blog\/wp-content\/uploads\/2016\/03\/babygenser-uten-knapper-1024x613.jpg 1024w\" sizes=\"(max-width: 709px) 85vw, (max-width: 909px) 67vw, (max-width: 1362px) 62vw, 840px\" \/><\/a><\/p>\n","protected":false},"excerpt":{"rendered":"<p>Joa, den ble ferdig den vesle genseren ogs\u00e5. Det mangler knapper p\u00e5 skuldrene forel\u00f8pig, men ellers syns jeg den ble veldig s\u00f8t. F\u00e5r h\u00e5pe den faller i smak!<\/p>\n","protected":false},"author":2,"featured_media":0,"comment_status":"open","ping_status":"open","sticky":false,"template":"","format":"standard","meta":[],"categories":[9,11,43,195],"tags":[32,236,44,198],"_links":{"self":[{"href":"https:\/\/grete.duna.no\/blog\/wp-json\/wp\/v2\/posts\/20291"}],"collection":[{"href":"https:\/\/grete.duna.no\/blog\/wp-json\/wp\/v2\/posts"}],"about":[{"href":"https:\/\/grete.duna.no\/blog\/wp-json\/wp\/v2\/types\/post"}],"author":[{"embeddable":true,"href":"https:\/\/grete.duna.no\/blog\/wp-json\/wp\/v2\/users\/2"}],"replies":[{"embeddable":true,"href":"https:\/\/grete.duna.no\/blog\/wp-json\/wp\/v2\/comments?post=20291"}],"version-history":[{"count":2,"href":"https:\/\/grete.duna.no\/blog\/wp-json\/wp\/v2\/posts\/20291\/revisions"}],"predecessor-version":[{"id":20313,"href":"https:\/\/grete.duna.no\/blog\/wp-json\/wp\/v2\/posts\/20291\/revisions\/20313"}],"wp:attachment":[{"href":"https:\/\/grete.duna.no\/blog\/wp-json\/wp\/v2\/media?parent=20291"}],"wp:term":[{"taxonomy":"category","embeddable":true,"href":"https:\/\/grete.duna.no\/blog\/wp-json\/wp\/v2\/categories?post=20291"},{"taxonomy":"post_tag","embeddable":true,"href":"https:\/\/grete.duna.no\/blog\/wp-json\/wp\/v2\/tags?post=20291"}],"curies":[{"name":"wp","href":"https:\/\/api.w.org\/{rel}","templated":true}]}}