{"id":20301,"date":"2016-03-26T21:31:23","date_gmt":"2016-03-26T20:31:23","guid":{"rendered":"http:\/\/grete.duna.no\/blog\/?p=20301"},"modified":"2018-01-10T12:07:37","modified_gmt":"2018-01-10T11:07:37","slug":"stunt-hyttetur","status":"publish","type":"post","link":"https:\/\/grete.duna.no\/blog\/2016\/03\/26\/stunt-hyttetur\/","title":{"rendered":"Stunt-hyttetur"},"content":{"rendered":"<p>Jeg fikk en nydelig p\u00e5skehilsen fra Ida da jeg kom til Vikan. Hun har sannelig blitt flink til \u00e5 skrive, og ikke minst til \u00e5 tegne hjerter!<br \/>\n<a href=\"http:\/\/grete.duna.no\/blog\/wp-content\/uploads\/2016\/03\/postkort-fra-ida.jpg\" rel=\"attachment wp-att-20305\"><img decoding=\"async\" loading=\"lazy\" class=\"alignright size-full wp-image-20305\" style=\"border: 1px solid black;\" src=\"http:\/\/grete.duna.no\/blog\/wp-content\/uploads\/2016\/03\/postkort-fra-ida.jpg\" alt=\"postkort-fra-ida\" width=\"835\" height=\"1280\" srcset=\"https:\/\/grete.duna.no\/blog\/wp-content\/uploads\/2016\/03\/postkort-fra-ida.jpg 835w, https:\/\/grete.duna.no\/blog\/wp-content\/uploads\/2016\/03\/postkort-fra-ida-196x300.jpg 196w, https:\/\/grete.duna.no\/blog\/wp-content\/uploads\/2016\/03\/postkort-fra-ida-768x1177.jpg 768w, https:\/\/grete.duna.no\/blog\/wp-content\/uploads\/2016\/03\/postkort-fra-ida-668x1024.jpg 668w\" sizes=\"(max-width: 709px) 85vw, (max-width: 909px) 67vw, (max-width: 984px) 61vw, (max-width: 1362px) 45vw, 600px\" \/><\/a><br \/>\nJeg pakka hunden og strikket\u00f8yet og tok en alenetur, ettersom gutta hadde andre planer. Heldigvis var det folksomt p\u00e5 Vikan, med mer enn nok av gj\u00f8rem\u00e5l, bes\u00f8k og selskap. Som alltid var det litt h\u00f8ytid \u00e5 f\u00e5 tilbringe tid med Ida.<br \/>\n<a href=\"http:\/\/grete.duna.no\/blog\/wp-content\/uploads\/2016\/03\/ida-i-snoen-16.jpg\" rel=\"attachment wp-att-20304\"><img decoding=\"async\" loading=\"lazy\" class=\"alignright size-full wp-image-20304\" style=\"border: 1px solid black;\" src=\"http:\/\/grete.duna.no\/blog\/wp-content\/uploads\/2016\/03\/ida-i-snoen-16.jpg\" alt=\"ida-i-snoen-16\" width=\"1280\" height=\"805\" srcset=\"https:\/\/grete.duna.no\/blog\/wp-content\/uploads\/2016\/03\/ida-i-snoen-16.jpg 1280w, https:\/\/grete.duna.no\/blog\/wp-content\/uploads\/2016\/03\/ida-i-snoen-16-300x189.jpg 300w, https:\/\/grete.duna.no\/blog\/wp-content\/uploads\/2016\/03\/ida-i-snoen-16-768x483.jpg 768w, https:\/\/grete.duna.no\/blog\/wp-content\/uploads\/2016\/03\/ida-i-snoen-16-1024x644.jpg 1024w\" sizes=\"(max-width: 709px) 85vw, (max-width: 909px) 67vw, (max-width: 1362px) 62vw, 840px\" \/><\/a><br \/>\nVi var p\u00e5 tur med Lukas og fikk basa litt i sn\u00f8en. Jeg fikk faktisk ogs\u00e5 \u00f8ye p\u00e5 bl\u00e5veisen p\u00e5 den faste plassen, selv om den vegret seg litt med \u00e5 blomstre i sn\u00f8kavet.<br \/>\n<a href=\"http:\/\/grete.duna.no\/blog\/wp-content\/uploads\/2016\/03\/blaveis-pa-vei.jpg\" rel=\"attachment wp-att-20303\"><img decoding=\"async\" loading=\"lazy\" class=\"alignright size-full wp-image-20303\" style=\"border: 1px solid black;\" src=\"http:\/\/grete.duna.no\/blog\/wp-content\/uploads\/2016\/03\/blaveis-pa-vei.jpg\" alt=\"blaveis-pa-vei\" width=\"1280\" height=\"783\" srcset=\"https:\/\/grete.duna.no\/blog\/wp-content\/uploads\/2016\/03\/blaveis-pa-vei.jpg 1280w, https:\/\/grete.duna.no\/blog\/wp-content\/uploads\/2016\/03\/blaveis-pa-vei-300x184.jpg 300w, https:\/\/grete.duna.no\/blog\/wp-content\/uploads\/2016\/03\/blaveis-pa-vei-768x470.jpg 768w, https:\/\/grete.duna.no\/blog\/wp-content\/uploads\/2016\/03\/blaveis-pa-vei-1024x626.jpg 1024w\" sizes=\"(max-width: 709px) 85vw, (max-width: 909px) 67vw, (max-width: 1362px) 62vw, 840px\" \/><\/a><br \/>\nIda Sofie har ogs\u00e5 blitt flink til \u00e5 strikke, kunsten m\u00e5tte selvsagt vises frem.<br \/>\n<a href=\"http:\/\/grete.duna.no\/blog\/wp-content\/uploads\/2016\/03\/ida-strikker-skjerf.jpg\" rel=\"attachment wp-att-20302\"><img decoding=\"async\" loading=\"lazy\" class=\"alignright size-full wp-image-20302\" style=\"border: 1px solid black;\" src=\"http:\/\/grete.duna.no\/blog\/wp-content\/uploads\/2016\/03\/ida-strikker-skjerf.jpg\" alt=\"ida-strikker-skjerf\" width=\"1280\" height=\"871\" srcset=\"https:\/\/grete.duna.no\/blog\/wp-content\/uploads\/2016\/03\/ida-strikker-skjerf.jpg 1280w, https:\/\/grete.duna.no\/blog\/wp-content\/uploads\/2016\/03\/ida-strikker-skjerf-300x204.jpg 300w, https:\/\/grete.duna.no\/blog\/wp-content\/uploads\/2016\/03\/ida-strikker-skjerf-768x523.jpg 768w, https:\/\/grete.duna.no\/blog\/wp-content\/uploads\/2016\/03\/ida-strikker-skjerf-1024x697.jpg 1024w\" sizes=\"(max-width: 709px) 85vw, (max-width: 909px) 67vw, (max-width: 1362px) 62vw, 840px\" \/><\/a><br \/>\nOg som alltid var det usigelig deilig \u00e5 komme til hytta, og litt trist \u00e5 dra igjen.<br \/>\n<a href=\"http:\/\/grete.duna.no\/blog\/wp-content\/uploads\/2016\/03\/solfang-paske16.jpg\" rel=\"attachment wp-att-20306\"><img decoding=\"async\" loading=\"lazy\" class=\"alignright size-full wp-image-20306\" style=\"border: 1px solid black;\" src=\"http:\/\/grete.duna.no\/blog\/wp-content\/uploads\/2016\/03\/solfang-paske16.jpg\" alt=\"solfang-paske16\" width=\"1280\" height=\"720\" srcset=\"https:\/\/grete.duna.no\/blog\/wp-content\/uploads\/2016\/03\/solfang-paske16.jpg 1280w, https:\/\/grete.duna.no\/blog\/wp-content\/uploads\/2016\/03\/solfang-paske16-300x169.jpg 300w, https:\/\/grete.duna.no\/blog\/wp-content\/uploads\/2016\/03\/solfang-paske16-768x432.jpg 768w, https:\/\/grete.duna.no\/blog\/wp-content\/uploads\/2016\/03\/solfang-paske16-1024x576.jpg 1024w\" sizes=\"(max-width: 709px) 85vw, (max-width: 909px) 67vw, (max-width: 1362px) 62vw, 840px\" \/><\/a><br \/>\nJeg h\u00e5per \u00e5 se litt gr\u00f8nt neste gang, i \u00e5r <strong>SKAL<\/strong> jeg ha tid til \u00e5 stelle i hagen der alts\u00e5. \ud83c\udf38<\/p>\n","protected":false},"excerpt":{"rendered":"<p>Jeg fikk en nydelig p\u00e5skehilsen fra Ida da jeg kom til Vikan. Hun har sannelig blitt flink til \u00e5 skrive, og ikke minst til \u00e5 tegne hjerter! Jeg pakka hunden og strikket\u00f8yet og tok en alenetur, ettersom gutta hadde andre planer. Heldigvis var det folksomt p\u00e5 Vikan, med mer enn nok av gj\u00f8rem\u00e5l, bes\u00f8k og &hellip; <a href=\"https:\/\/grete.duna.no\/blog\/2016\/03\/26\/stunt-hyttetur\/\" class=\"more-link\">Continue reading<span class=\"screen-reader-text\"> &#8220;Stunt-hyttetur&#8221;<\/span><\/a><\/p>\n","protected":false},"author":2,"featured_media":0,"comment_status":"open","ping_status":"open","sticky":false,"template":"","format":"standard","meta":[],"categories":[9,11,195,39],"tags":[32,53,26,77,61,13,44,99],"_links":{"self":[{"href":"https:\/\/grete.duna.no\/blog\/wp-json\/wp\/v2\/posts\/20301"}],"collection":[{"href":"https:\/\/grete.duna.no\/blog\/wp-json\/wp\/v2\/posts"}],"about":[{"href":"https:\/\/grete.duna.no\/blog\/wp-json\/wp\/v2\/types\/post"}],"author":[{"embeddable":true,"href":"https:\/\/grete.duna.no\/blog\/wp-json\/wp\/v2\/users\/2"}],"replies":[{"embeddable":true,"href":"https:\/\/grete.duna.no\/blog\/wp-json\/wp\/v2\/comments?post=20301"}],"version-history":[{"count":2,"href":"https:\/\/grete.duna.no\/blog\/wp-json\/wp\/v2\/posts\/20301\/revisions"}],"predecessor-version":[{"id":22522,"href":"https:\/\/grete.duna.no\/blog\/wp-json\/wp\/v2\/posts\/20301\/revisions\/22522"}],"wp:attachment":[{"href":"https:\/\/grete.duna.no\/blog\/wp-json\/wp\/v2\/media?parent=20301"}],"wp:term":[{"taxonomy":"category","embeddable":true,"href":"https:\/\/grete.duna.no\/blog\/wp-json\/wp\/v2\/categories?post=20301"},{"taxonomy":"post_tag","embeddable":true,"href":"https:\/\/grete.duna.no\/blog\/wp-json\/wp\/v2\/tags?post=20301"}],"curies":[{"name":"wp","href":"https:\/\/api.w.org\/{rel}","templated":true}]}}