{"id":20333,"date":"2016-03-31T00:02:17","date_gmt":"2016-03-30T22:02:17","guid":{"rendered":"http:\/\/grete.duna.no\/blog\/?p=20333"},"modified":"2018-01-10T12:05:13","modified_gmt":"2018-01-10T11:05:13","slug":"tre-sikre-vartegn","status":"publish","type":"post","link":"https:\/\/grete.duna.no\/blog\/2016\/03\/31\/tre-sikre-vartegn\/","title":{"rendered":"Tre sikre v\u00e5rtegn"},"content":{"rendered":"<p><a href=\"http:\/\/grete.duna.no\/blog\/wp-content\/uploads\/2016\/04\/varens-forste-selfie.jpg\" rel=\"attachment wp-att-20335\"><img decoding=\"async\" loading=\"lazy\" class=\"alignright size-full wp-image-20335\" style=\"border: 1px solid black;\" src=\"http:\/\/grete.duna.no\/blog\/wp-content\/uploads\/2016\/04\/varens-forste-selfie.jpg\" alt=\"varens-forste-selfie\" width=\"1280\" height=\"805\" srcset=\"https:\/\/grete.duna.no\/blog\/wp-content\/uploads\/2016\/04\/varens-forste-selfie.jpg 1280w, https:\/\/grete.duna.no\/blog\/wp-content\/uploads\/2016\/04\/varens-forste-selfie-300x189.jpg 300w, https:\/\/grete.duna.no\/blog\/wp-content\/uploads\/2016\/04\/varens-forste-selfie-768x483.jpg 768w, https:\/\/grete.duna.no\/blog\/wp-content\/uploads\/2016\/04\/varens-forste-selfie-1024x644.jpg 1024w\" sizes=\"(max-width: 709px) 85vw, (max-width: 909px) 67vw, (max-width: 1362px) 62vw, 840px\" \/><\/a>En utrolig deilig v\u00e5rdag med litt tidlig avslutning av arbeidsdagen i g\u00e5r, b\u00e5de jeg og Lukas var skikkelig forn\u00f8yd med \u00e5 kunne ta en laaaang tur rundt haugen og i marka \u2013 til og med i sm\u00e5sko. V\u00e5rens aller f\u00f8rste tur-selfie m\u00e5tte vi selvf\u00f8lgelig s\u00f8rge for, og som alltid smiler vi begge pent til fotografen.<br \/>\n<a href=\"http:\/\/grete.duna.no\/blog\/wp-content\/uploads\/2016\/04\/varens-forste-sma\u030asko.jpg\" rel=\"attachment wp-att-20336\"><img decoding=\"async\" loading=\"lazy\" class=\"alignright size-full wp-image-20336\" style=\"border: 1px solid black;\" src=\"http:\/\/grete.duna.no\/blog\/wp-content\/uploads\/2016\/04\/varens-forste-sma\u030asko.jpg\" alt=\"varens-forste-sma\u030asko\" width=\"1280\" height=\"595\" srcset=\"https:\/\/grete.duna.no\/blog\/wp-content\/uploads\/2016\/04\/varens-forste-sma\u030asko.jpg 1280w, https:\/\/grete.duna.no\/blog\/wp-content\/uploads\/2016\/04\/varens-forste-sma\u030asko-300x139.jpg 300w, https:\/\/grete.duna.no\/blog\/wp-content\/uploads\/2016\/04\/varens-forste-sma\u030asko-768x357.jpg 768w, https:\/\/grete.duna.no\/blog\/wp-content\/uploads\/2016\/04\/varens-forste-sma\u030asko-1024x476.jpg 1024w\" sizes=\"(max-width: 709px) 85vw, (max-width: 909px) 67vw, (max-width: 1362px) 62vw, 840px\" \/><\/a><br \/>\nDette var ogs\u00e5 v\u00e5rens f\u00f8rste tur i sm\u00e5sko, deilig \u00e5 f\u00e5 g\u00e5 uten tunge vinterst\u00f8vler. Det var riktignok ganske gj\u00f8rmete rundt sn\u00f8smeltingen, men verdt en ekstra sko-vask!<a href=\"http:\/\/grete.duna.no\/blog\/wp-content\/uploads\/2016\/04\/varens-forste-hestehov.jpg\" rel=\"attachment wp-att-20334\"><img decoding=\"async\" loading=\"lazy\" class=\"alignright size-full wp-image-20334\" style=\"border: 1px solid black;\" src=\"http:\/\/grete.duna.no\/blog\/wp-content\/uploads\/2016\/04\/varens-forste-hestehov.jpg\" alt=\"varens-forste-hestehov\" width=\"1280\" height=\"614\" srcset=\"https:\/\/grete.duna.no\/blog\/wp-content\/uploads\/2016\/04\/varens-forste-hestehov.jpg 1280w, https:\/\/grete.duna.no\/blog\/wp-content\/uploads\/2016\/04\/varens-forste-hestehov-300x144.jpg 300w, https:\/\/grete.duna.no\/blog\/wp-content\/uploads\/2016\/04\/varens-forste-hestehov-768x368.jpg 768w, https:\/\/grete.duna.no\/blog\/wp-content\/uploads\/2016\/04\/varens-forste-hestehov-1024x491.jpg 1024w\" sizes=\"(max-width: 709px) 85vw, (max-width: 909px) 67vw, (max-width: 1362px) 62vw, 840px\" \/><\/a><br \/>\nOg hestehoven har allerede begynt \u00e5 bre seg utover gr\u00f8ftekanter \u2013 vi s\u00e5 ogs\u00e5 hvitveis (!) men Lukas hadde ikke tid til \u00e5 stoppe for bilder av den. P\u00e5 neste markatur skal vi nok finne den igjen. \ud83c\udf31<\/p>\n","protected":false},"excerpt":{"rendered":"<p>En utrolig deilig v\u00e5rdag med litt tidlig avslutning av arbeidsdagen i g\u00e5r, b\u00e5de jeg og Lukas var skikkelig forn\u00f8yd med \u00e5 kunne ta en laaaang tur rundt haugen og i marka \u2013 til og med i sm\u00e5sko. V\u00e5rens aller f\u00f8rste tur-selfie m\u00e5tte vi selvf\u00f8lgelig s\u00f8rge for, og som alltid smiler vi begge pent til fotografen. &hellip; <a href=\"https:\/\/grete.duna.no\/blog\/2016\/03\/31\/tre-sikre-vartegn\/\" class=\"more-link\">Continue reading<span class=\"screen-reader-text\"> &#8220;Tre sikre v\u00e5rtegn&#8221;<\/span><\/a><\/p>\n","protected":false},"author":2,"featured_media":0,"comment_status":"open","ping_status":"open","sticky":false,"template":"","format":"standard","meta":[],"categories":[11,228,195,39],"tags":[203,168,46,102,125,120,19],"_links":{"self":[{"href":"https:\/\/grete.duna.no\/blog\/wp-json\/wp\/v2\/posts\/20333"}],"collection":[{"href":"https:\/\/grete.duna.no\/blog\/wp-json\/wp\/v2\/posts"}],"about":[{"href":"https:\/\/grete.duna.no\/blog\/wp-json\/wp\/v2\/types\/post"}],"author":[{"embeddable":true,"href":"https:\/\/grete.duna.no\/blog\/wp-json\/wp\/v2\/users\/2"}],"replies":[{"embeddable":true,"href":"https:\/\/grete.duna.no\/blog\/wp-json\/wp\/v2\/comments?post=20333"}],"version-history":[{"count":5,"href":"https:\/\/grete.duna.no\/blog\/wp-json\/wp\/v2\/posts\/20333\/revisions"}],"predecessor-version":[{"id":22521,"href":"https:\/\/grete.duna.no\/blog\/wp-json\/wp\/v2\/posts\/20333\/revisions\/22521"}],"wp:attachment":[{"href":"https:\/\/grete.duna.no\/blog\/wp-json\/wp\/v2\/media?parent=20333"}],"wp:term":[{"taxonomy":"category","embeddable":true,"href":"https:\/\/grete.duna.no\/blog\/wp-json\/wp\/v2\/categories?post=20333"},{"taxonomy":"post_tag","embeddable":true,"href":"https:\/\/grete.duna.no\/blog\/wp-json\/wp\/v2\/tags?post=20333"}],"curies":[{"name":"wp","href":"https:\/\/api.w.org\/{rel}","templated":true}]}}