{"id":20756,"date":"2016-07-29T10:09:47","date_gmt":"2016-07-29T08:09:47","guid":{"rendered":"http:\/\/grete.duna.no\/blog\/?p=20756"},"modified":"2017-05-22T14:22:46","modified_gmt":"2017-05-22T12:22:46","slug":"sommerkveldsstemning","status":"publish","type":"post","link":"https:\/\/grete.duna.no\/blog\/2016\/07\/29\/sommerkveldsstemning\/","title":{"rendered":"Sommerkveldsstemning"},"content":{"rendered":"<p>Det ble en riktig s\u00e5 vakker sommerkveld i g\u00e5r etter at regnet ga seg. Sj\u00f8en var blikkstille og nisa lekte inne i v\u00e5gen, pusten hennes var den eneste lyden \u00e5 h\u00f8re. Skikkelig stemningsfullt, men ikke s\u00e5 lett \u00e5 f\u00e5 bilde av den sky skapningen.<br \/>\n<a href=\"http:\/\/grete.duna.no\/blog\/wp-content\/uploads\/2016\/07\/lukas-og-rivern.jpg\"><img decoding=\"async\" loading=\"lazy\" class=\"alignright size-full wp-image-20758\" style=\"border: 1px solid black;\" src=\"http:\/\/grete.duna.no\/blog\/wp-content\/uploads\/2016\/07\/lukas-og-rivern.jpg\" alt=\"lukas-og-rivern\" width=\"1280\" height=\"602\" srcset=\"https:\/\/grete.duna.no\/blog\/wp-content\/uploads\/2016\/07\/lukas-og-rivern.jpg 1280w, https:\/\/grete.duna.no\/blog\/wp-content\/uploads\/2016\/07\/lukas-og-rivern-300x141.jpg 300w, https:\/\/grete.duna.no\/blog\/wp-content\/uploads\/2016\/07\/lukas-og-rivern-768x361.jpg 768w, https:\/\/grete.duna.no\/blog\/wp-content\/uploads\/2016\/07\/lukas-og-rivern-1024x482.jpg 1024w\" sizes=\"(max-width: 709px) 85vw, (max-width: 909px) 67vw, (max-width: 1362px) 62vw, 840px\" \/><\/a><br \/>\nGutta t\u00f8ffet ut for \u00e5 pr\u00f8ve fiskelykken mens Lukas og jeg tente b\u00e5l og koste oss i fj\u00e6ra.<br \/>\n<a href=\"http:\/\/grete.duna.no\/blog\/wp-content\/uploads\/2016\/07\/kveldsbal.jpg\"><img decoding=\"async\" loading=\"lazy\" class=\"alignright size-full wp-image-20757\" style=\"border: 1px solid black;\" src=\"http:\/\/grete.duna.no\/blog\/wp-content\/uploads\/2016\/07\/kveldsbal.jpg\" alt=\"kveldsbal\" width=\"1040\" height=\"1280\" srcset=\"https:\/\/grete.duna.no\/blog\/wp-content\/uploads\/2016\/07\/kveldsbal.jpg 1040w, https:\/\/grete.duna.no\/blog\/wp-content\/uploads\/2016\/07\/kveldsbal-244x300.jpg 244w, https:\/\/grete.duna.no\/blog\/wp-content\/uploads\/2016\/07\/kveldsbal-768x945.jpg 768w, https:\/\/grete.duna.no\/blog\/wp-content\/uploads\/2016\/07\/kveldsbal-832x1024.jpg 832w\" sizes=\"(max-width: 709px) 85vw, (max-width: 909px) 67vw, (max-width: 1362px) 62vw, 840px\" \/><\/a><\/p>\n<p>Natta som fulgte har jeg brukt til \u00e5 ikke f\u00e5 sove, men det er en annen historie \u2026<\/p>\n<p><span style=\"border-radius: 2px; text-indent: 20px; width: auto; padding: 0px 4px 0px 0px; text-align: center; font: bold 11px\/20px 'Helvetica Neue',Helvetica,sans-serif; color: #ffffff; background: #bd081c  no-repeat scroll 3px 50% \/ 14px 14px; position: absolute; opacity: 0.85; z-index: 8675309; display: none; cursor: pointer; top: 81px; left: 19px;\">Save<\/span><\/p>\n","protected":false},"excerpt":{"rendered":"<p>Det ble en riktig s\u00e5 vakker sommerkveld i g\u00e5r etter at regnet ga seg. Sj\u00f8en var blikkstille og nisa lekte inne i v\u00e5gen, pusten hennes var den eneste lyden \u00e5 h\u00f8re. Skikkelig stemningsfullt, men ikke s\u00e5 lett \u00e5 f\u00e5 bilde av den sky skapningen. Gutta t\u00f8ffet ut for \u00e5 pr\u00f8ve fiskelykken mens Lukas og jeg &hellip; <a href=\"https:\/\/grete.duna.no\/blog\/2016\/07\/29\/sommerkveldsstemning\/\" class=\"more-link\">Continue reading<span class=\"screen-reader-text\"> &#8220;Sommerkveldsstemning&#8221;<\/span><\/a><\/p>\n","protected":false},"author":2,"featured_media":0,"comment_status":"open","ping_status":"open","sticky":false,"template":"","format":"standard","meta":[],"categories":[9,11,228,39],"tags":[91,53,149,46,76,13,23],"_links":{"self":[{"href":"https:\/\/grete.duna.no\/blog\/wp-json\/wp\/v2\/posts\/20756"}],"collection":[{"href":"https:\/\/grete.duna.no\/blog\/wp-json\/wp\/v2\/posts"}],"about":[{"href":"https:\/\/grete.duna.no\/blog\/wp-json\/wp\/v2\/types\/post"}],"author":[{"embeddable":true,"href":"https:\/\/grete.duna.no\/blog\/wp-json\/wp\/v2\/users\/2"}],"replies":[{"embeddable":true,"href":"https:\/\/grete.duna.no\/blog\/wp-json\/wp\/v2\/comments?post=20756"}],"version-history":[{"count":3,"href":"https:\/\/grete.duna.no\/blog\/wp-json\/wp\/v2\/posts\/20756\/revisions"}],"predecessor-version":[{"id":20761,"href":"https:\/\/grete.duna.no\/blog\/wp-json\/wp\/v2\/posts\/20756\/revisions\/20761"}],"wp:attachment":[{"href":"https:\/\/grete.duna.no\/blog\/wp-json\/wp\/v2\/media?parent=20756"}],"wp:term":[{"taxonomy":"category","embeddable":true,"href":"https:\/\/grete.duna.no\/blog\/wp-json\/wp\/v2\/categories?post=20756"},{"taxonomy":"post_tag","embeddable":true,"href":"https:\/\/grete.duna.no\/blog\/wp-json\/wp\/v2\/tags?post=20756"}],"curies":[{"name":"wp","href":"https:\/\/api.w.org\/{rel}","templated":true}]}}