{"id":2080,"date":"2010-04-27T17:31:57","date_gmt":"2010-04-27T15:31:57","guid":{"rendered":"http:\/\/grete.duna.no\/blog\/?p=2080"},"modified":"2010-04-27T17:31:57","modified_gmt":"2010-04-27T15:31:57","slug":"mens-vi-snakker-om-tenner","status":"publish","type":"post","link":"https:\/\/grete.duna.no\/blog\/2010\/04\/27\/mens-vi-snakker-om-tenner\/","title":{"rendered":"Mens vi snakker om tenner"},"content":{"rendered":"<p>B\u00e5de Tobias og Sondre har f\u00e5tt litt ymse tannstilling og begge mangler <a href=\"http:\/\/no.wikipedia.org\/wiki\/Tenner\">lateralene<\/a> &#8211; de sm\u00e5 ved siden av fortennene &#8211; i overkjeven. Sammen med en del andre sm\u00e5komplikasjoner gj\u00f8r dette at de begge m\u00e5 ha kjeveortopedisk behandling. Det er ingen billig aff\u00e6re, det kan jeg love! I dag var Tobias til kontroll, var inne i 20 minutter og skal tilbake om 18 m\u00e5neder. Pris: 1025,-. Heftig, synes jeg.<\/p>\n<p style=\"text-align: center;\">\n<figure id=\"attachment_2081\" aria-describedby=\"caption-attachment-2081\" style=\"width: 540px\" class=\"wp-caption aligncenter\"><a href=\"http:\/\/grete.duna.no\/blog\/wp-content\/uploads\/2010\/04\/tobia-tenner.jpg\"><img decoding=\"async\" loading=\"lazy\" class=\"size-full wp-image-2081 \" title=\"tobias-tenner\" src=\"http:\/\/grete.duna.no\/blog\/wp-content\/uploads\/2010\/04\/tobia-tenner.jpg\" alt=\"\" width=\"540\" height=\"337\" srcset=\"https:\/\/grete.duna.no\/blog\/wp-content\/uploads\/2010\/04\/tobia-tenner.jpg 600w, https:\/\/grete.duna.no\/blog\/wp-content\/uploads\/2010\/04\/tobia-tenner-300x187.jpg 300w\" sizes=\"(max-width: 540px) 85vw, 540px\" \/><\/a><figcaption id=\"caption-attachment-2081\" class=\"wp-caption-text\">Tobias viser tenner<\/figcaption><\/figure>\n","protected":false},"excerpt":{"rendered":"<p>B\u00e5de Tobias og Sondre har f\u00e5tt litt ymse tannstilling og begge mangler lateralene &#8211; de sm\u00e5 ved siden av fortennene &#8211; i overkjeven. Sammen med en del andre sm\u00e5komplikasjoner gj\u00f8r dette at de begge m\u00e5 ha kjeveortopedisk behandling. Det er ingen billig aff\u00e6re, det kan jeg love! I dag var Tobias til kontroll, var inne &hellip; <a href=\"https:\/\/grete.duna.no\/blog\/2010\/04\/27\/mens-vi-snakker-om-tenner\/\" class=\"more-link\">Continue reading<span class=\"screen-reader-text\"> &#8220;Mens vi snakker om tenner&#8221;<\/span><\/a><\/p>\n","protected":false},"author":2,"featured_media":0,"comment_status":"open","ping_status":"open","sticky":false,"template":"","format":"standard","meta":[],"categories":[9],"tags":[21,66,22],"_links":{"self":[{"href":"https:\/\/grete.duna.no\/blog\/wp-json\/wp\/v2\/posts\/2080"}],"collection":[{"href":"https:\/\/grete.duna.no\/blog\/wp-json\/wp\/v2\/posts"}],"about":[{"href":"https:\/\/grete.duna.no\/blog\/wp-json\/wp\/v2\/types\/post"}],"author":[{"embeddable":true,"href":"https:\/\/grete.duna.no\/blog\/wp-json\/wp\/v2\/users\/2"}],"replies":[{"embeddable":true,"href":"https:\/\/grete.duna.no\/blog\/wp-json\/wp\/v2\/comments?post=2080"}],"version-history":[{"count":2,"href":"https:\/\/grete.duna.no\/blog\/wp-json\/wp\/v2\/posts\/2080\/revisions"}],"predecessor-version":[{"id":2083,"href":"https:\/\/grete.duna.no\/blog\/wp-json\/wp\/v2\/posts\/2080\/revisions\/2083"}],"wp:attachment":[{"href":"https:\/\/grete.duna.no\/blog\/wp-json\/wp\/v2\/media?parent=2080"}],"wp:term":[{"taxonomy":"category","embeddable":true,"href":"https:\/\/grete.duna.no\/blog\/wp-json\/wp\/v2\/categories?post=2080"},{"taxonomy":"post_tag","embeddable":true,"href":"https:\/\/grete.duna.no\/blog\/wp-json\/wp\/v2\/tags?post=2080"}],"curies":[{"name":"wp","href":"https:\/\/api.w.org\/{rel}","templated":true}]}}