{"id":21345,"date":"2017-02-07T22:42:45","date_gmt":"2017-02-07T21:42:45","guid":{"rendered":"http:\/\/grete.duna.no\/blog\/?p=21345"},"modified":"2018-01-10T14:19:30","modified_gmt":"2018-01-10T13:19:30","slug":"the-blues-til-bente-%e2%99%a5","status":"publish","type":"post","link":"https:\/\/grete.duna.no\/blog\/2017\/02\/07\/the-blues-til-bente-%e2%99%a5\/","title":{"rendered":"The Blues til Bente \u2665"},"content":{"rendered":"<p><a href=\"http:\/\/grete.duna.no\/blog\/wp-content\/uploads\/2017\/02\/bente-med-skjerf.jpg\"><img decoding=\"async\" loading=\"lazy\" class=\"alignright size-full wp-image-21362\" style=\"border: 1px solid black;\" src=\"http:\/\/grete.duna.no\/blog\/wp-content\/uploads\/2017\/02\/bente-med-skjerf.jpg\" alt=\"\" width=\"855\" height=\"1280\" srcset=\"https:\/\/grete.duna.no\/blog\/wp-content\/uploads\/2017\/02\/bente-med-skjerf.jpg 855w, https:\/\/grete.duna.no\/blog\/wp-content\/uploads\/2017\/02\/bente-med-skjerf-200x300.jpg 200w, https:\/\/grete.duna.no\/blog\/wp-content\/uploads\/2017\/02\/bente-med-skjerf-768x1150.jpg 768w, https:\/\/grete.duna.no\/blog\/wp-content\/uploads\/2017\/02\/bente-med-skjerf-684x1024.jpg 684w\" sizes=\"(max-width: 709px) 85vw, (max-width: 909px) 67vw, (max-width: 1362px) 62vw, 840px\" \/><\/a>Bente har et hjerte av gull. Og jeg er s\u00e5 heldig \u00e5 ha henne som <a href=\"http:\/\/grete.duna.no\/blog\/2016\/11\/30\/akkurat-som-i-fjor\/\">kalendervenn<\/a>, helt siden 2015. N\u00e5 har jeg strikket et temperaturskjerf til henne som starter nettopp 1. desember 2015 og ett \u00e5r fremover.<br \/>\n<a href=\"http:\/\/grete.duna.no\/blog\/wp-content\/uploads\/2017\/02\/blue-temp2.jpg\"><img decoding=\"async\" loading=\"lazy\" class=\"alignright size-full wp-image-21364\" style=\"border: 1px solid black;\" src=\"http:\/\/grete.duna.no\/blog\/wp-content\/uploads\/2017\/02\/blue-temp2.jpg\" alt=\"\" width=\"1280\" height=\"1069\" srcset=\"https:\/\/grete.duna.no\/blog\/wp-content\/uploads\/2017\/02\/blue-temp2.jpg 1280w, https:\/\/grete.duna.no\/blog\/wp-content\/uploads\/2017\/02\/blue-temp2-300x251.jpg 300w, https:\/\/grete.duna.no\/blog\/wp-content\/uploads\/2017\/02\/blue-temp2-768x641.jpg 768w, https:\/\/grete.duna.no\/blog\/wp-content\/uploads\/2017\/02\/blue-temp2-1024x855.jpg 1024w\" sizes=\"(max-width: 709px) 85vw, (max-width: 909px) 67vw, (max-width: 1362px) 62vw, 840px\" \/><\/a><br \/>\nPlanen var egentlig \u00e5 gj\u00f8re dette ferdig til fjor\u00e5rets kalender, men tiden strakk ikke til. Derfor har jeg prioritert dette skjerfet n\u00e5 og hun f\u00e5r det i stedet som en vintergave. Bente er glad i bl\u00e5tt, derfor har jeg brukt bare bl\u00e5farger i skjerfet &#8211; 8 forskjellige i Rauma Finullgarn. Jo lysere farge, jo varmere var det den dagen. Temperaturskalaen har jeg hentet hos yr.no og det er selvsagt hjemme hos henne p\u00e5 Mortensrud m\u00e5lingene er gjort.<br \/>\n<a href=\"http:\/\/grete.duna.no\/blog\/wp-content\/uploads\/2017\/02\/blue-temp3.jpg\"><img decoding=\"async\" loading=\"lazy\" class=\"alignright size-full wp-image-21365\" style=\"border: 1px solid black;\" src=\"http:\/\/grete.duna.no\/blog\/wp-content\/uploads\/2017\/02\/blue-temp3.jpg\" alt=\"\" width=\"568\" height=\"1280\" srcset=\"https:\/\/grete.duna.no\/blog\/wp-content\/uploads\/2017\/02\/blue-temp3.jpg 568w, https:\/\/grete.duna.no\/blog\/wp-content\/uploads\/2017\/02\/blue-temp3-133x300.jpg 133w, https:\/\/grete.duna.no\/blog\/wp-content\/uploads\/2017\/02\/blue-temp3-454x1024.jpg 454w\" sizes=\"(max-width: 568px) 85vw, 568px\" \/><\/a><br \/>\nDet ser ut som skjerfet falt i smak og jeg h\u00e5per det blir flittig brukt \ud83e\udd17<br \/>\n<a href=\"http:\/\/grete.duna.no\/blog\/wp-content\/uploads\/2017\/02\/blue-temp1.jpg\"><img decoding=\"async\" loading=\"lazy\" class=\"alignright size-full wp-image-21363\" style=\"border: 1px solid black;\" src=\"http:\/\/grete.duna.no\/blog\/wp-content\/uploads\/2017\/02\/blue-temp1.jpg\" alt=\"\" width=\"1280\" height=\"840\" srcset=\"https:\/\/grete.duna.no\/blog\/wp-content\/uploads\/2017\/02\/blue-temp1.jpg 1280w, https:\/\/grete.duna.no\/blog\/wp-content\/uploads\/2017\/02\/blue-temp1-300x197.jpg 300w, https:\/\/grete.duna.no\/blog\/wp-content\/uploads\/2017\/02\/blue-temp1-768x504.jpg 768w, https:\/\/grete.duna.no\/blog\/wp-content\/uploads\/2017\/02\/blue-temp1-1024x672.jpg 1024w\" sizes=\"(max-width: 709px) 85vw, (max-width: 909px) 67vw, (max-width: 1362px) 62vw, 840px\" \/><\/a><br \/>\nSom alltid vanskelig \u00e5 ta gode bilder av lange skjerf, men jeg syns Bente kler det kjempegodt!<\/p>\n<p><span style=\"border-radius: 2px; text-indent: 20px; width: auto; padding: 0px 4px 0px 0px; text-align: center; font: bold 11px\/20px 'Helvetica Neue',Helvetica,sans-serif; color: #ffffff; background: #bd081c no-repeat scroll 3px 50% \/ 14px 14px; position: absolute; opacity: 1; z-index: 8675309; display: none; cursor: pointer; top: 1307px; left: 19px;\">Save<\/span><\/p>\n","protected":false},"excerpt":{"rendered":"<p>Bente har et hjerte av gull. Og jeg er s\u00e5 heldig \u00e5 ha henne som kalendervenn, helt siden 2015. N\u00e5 har jeg strikket et temperaturskjerf til henne som starter nettopp 1. desember 2015 og ett \u00e5r fremover. Planen var egentlig \u00e5 gj\u00f8re dette ferdig til fjor\u00e5rets kalender, men tiden strakk ikke til. Derfor har jeg &hellip; <a href=\"https:\/\/grete.duna.no\/blog\/2017\/02\/07\/the-blues-til-bente-%e2%99%a5\/\" class=\"more-link\">Continue reading<span class=\"screen-reader-text\"> &#8220;The Blues til Bente \u2665&#8221;<\/span><\/a><\/p>\n","protected":false},"author":2,"featured_media":0,"comment_status":"open","ping_status":"open","sticky":false,"template":"","format":"standard","meta":[],"categories":[11,195,14],"tags":[151,277,229,275,240,44,198,47,223,37],"_links":{"self":[{"href":"https:\/\/grete.duna.no\/blog\/wp-json\/wp\/v2\/posts\/21345"}],"collection":[{"href":"https:\/\/grete.duna.no\/blog\/wp-json\/wp\/v2\/posts"}],"about":[{"href":"https:\/\/grete.duna.no\/blog\/wp-json\/wp\/v2\/types\/post"}],"author":[{"embeddable":true,"href":"https:\/\/grete.duna.no\/blog\/wp-json\/wp\/v2\/users\/2"}],"replies":[{"embeddable":true,"href":"https:\/\/grete.duna.no\/blog\/wp-json\/wp\/v2\/comments?post=21345"}],"version-history":[{"count":9,"href":"https:\/\/grete.duna.no\/blog\/wp-json\/wp\/v2\/posts\/21345\/revisions"}],"predecessor-version":[{"id":22552,"href":"https:\/\/grete.duna.no\/blog\/wp-json\/wp\/v2\/posts\/21345\/revisions\/22552"}],"wp:attachment":[{"href":"https:\/\/grete.duna.no\/blog\/wp-json\/wp\/v2\/media?parent=21345"}],"wp:term":[{"taxonomy":"category","embeddable":true,"href":"https:\/\/grete.duna.no\/blog\/wp-json\/wp\/v2\/categories?post=21345"},{"taxonomy":"post_tag","embeddable":true,"href":"https:\/\/grete.duna.no\/blog\/wp-json\/wp\/v2\/tags?post=21345"}],"curies":[{"name":"wp","href":"https:\/\/api.w.org\/{rel}","templated":true}]}}