{"id":218,"date":"2009-06-19T13:11:30","date_gmt":"2009-06-19T12:11:30","guid":{"rendered":"http:\/\/grete.duna.no\/blog\/?p=218"},"modified":"2010-06-04T13:22:29","modified_gmt":"2010-06-04T11:22:29","slug":"teknisk-takk","status":"publish","type":"post","link":"https:\/\/grete.duna.no\/blog\/2009\/06\/19\/teknisk-takk\/","title":{"rendered":"Teknisk, takk"},"content":{"rendered":"<p>For noen \u00e5r siden jobbet jeg med informasjon; fotografering, grafisk arbeid, layout, tegninger, produksjon av trykksaker og web. P\u00e5 den tiden syntes jeg det var utfordrende, interessant og morsomt. S\u00e5 kom en st\u00f8rre omorganisering, og jeg flyttet gradvis over til mer tekniske oppgaver. F\u00f8rst syns jeg det var litt trist \u00e5 ikke jobbe med bildene, rapportene og plakatene, jeg vurderte seri\u00f8st \u00e5 finne en annen jobb bare for \u00e5 kunne fortsette med denne typen arbeid. Men ganske snart fant jeg de nye oppgavene enda mer utfordrende, morsomme og interessante, for ikke \u00e5 snakke om den kompetansen jeg tilegnet meg. Hvis du sp\u00f8r meg i dag vil jeg ikke bytte tilbake for alt i verden.<\/p>\n<p>Dette slo meg med overraskende styrke her om dagen. Ettersom deadlines for produksjoner til Utopia forlengst er her, s\u00e5 er det ogs\u00e5 naturligvis en del siste \u00f8yeblikk-stoff som dukker opp. Og i et \u00f8yeblikks overmot tok jeg p\u00e5 meg jobben med \u00e5 fullf\u00f8re en produksjon. Mest for \u00e5 spare den allerede overarbeidede designeren, men ogs\u00e5 fordi jeg trodde jeg kunne dette. Men den \u00f8yeblikkelige oppdagelsen jeg gjorde var at dette er arbeid man m\u00e5 gj\u00f8re konstant. Selvsagt har en del software forandret seg, men det var fortsatt mulig \u00e5 kjenne igjen menyer og s\u00e5nt. Men mine ferdigheter stoppet \u00f8yensynlig opp i det \u00f8yeblikket jeg sluttet \u00e5 gj\u00f8re s\u00e5nt. Og jeg skj\u00f8nte veldig fort at jeg var ubrukelig i dette prosjektet. Jeg antar at en ukes intens konsentrasjon og en dr\u00f8ss med sp\u00f8rsm\u00e5l til andre ville f\u00e5tt meg i m\u00e5l, men det var faktisk bedre \u00e5 bare si nei, og overlate det til proffene.<\/p>\n<p>Konklusjonen er at jeg elsker jobben min akkurat s\u00e5nn som den er. Det er helt utelukket \u00e5 g\u00e5 tilbake til \u00e5 jobbe administrativt eller grafisk igjen. Jeg er en geek-wannabe i en honningkrukke.<\/p>\n","protected":false},"excerpt":{"rendered":"<p>For noen \u00e5r siden jobbet jeg med informasjon; fotografering, grafisk arbeid, layout, tegninger, produksjon av trykksaker og web. P\u00e5 den tiden syntes jeg det var utfordrende, interessant og morsomt. S\u00e5 kom en st\u00f8rre omorganisering, og jeg flyttet gradvis over til mer tekniske oppgaver. F\u00f8rst syns jeg det var litt trist \u00e5 ikke jobbe med bildene, &hellip; <a href=\"https:\/\/grete.duna.no\/blog\/2009\/06\/19\/teknisk-takk\/\" class=\"more-link\">Continue reading<span class=\"screen-reader-text\"> &#8220;Teknisk, takk&#8221;<\/span><\/a><\/p>\n","protected":false},"author":2,"featured_media":0,"comment_status":"open","ping_status":"open","sticky":false,"template":"","format":"standard","meta":[],"categories":[10,54],"tags":[55],"_links":{"self":[{"href":"https:\/\/grete.duna.no\/blog\/wp-json\/wp\/v2\/posts\/218"}],"collection":[{"href":"https:\/\/grete.duna.no\/blog\/wp-json\/wp\/v2\/posts"}],"about":[{"href":"https:\/\/grete.duna.no\/blog\/wp-json\/wp\/v2\/types\/post"}],"author":[{"embeddable":true,"href":"https:\/\/grete.duna.no\/blog\/wp-json\/wp\/v2\/users\/2"}],"replies":[{"embeddable":true,"href":"https:\/\/grete.duna.no\/blog\/wp-json\/wp\/v2\/comments?post=218"}],"version-history":[{"count":5,"href":"https:\/\/grete.duna.no\/blog\/wp-json\/wp\/v2\/posts\/218\/revisions"}],"predecessor-version":[{"id":220,"href":"https:\/\/grete.duna.no\/blog\/wp-json\/wp\/v2\/posts\/218\/revisions\/220"}],"wp:attachment":[{"href":"https:\/\/grete.duna.no\/blog\/wp-json\/wp\/v2\/media?parent=218"}],"wp:term":[{"taxonomy":"category","embeddable":true,"href":"https:\/\/grete.duna.no\/blog\/wp-json\/wp\/v2\/categories?post=218"},{"taxonomy":"post_tag","embeddable":true,"href":"https:\/\/grete.duna.no\/blog\/wp-json\/wp\/v2\/tags?post=218"}],"curies":[{"name":"wp","href":"https:\/\/api.w.org\/{rel}","templated":true}]}}