{"id":22188,"date":"2017-09-21T00:19:38","date_gmt":"2017-09-20T22:19:38","guid":{"rendered":"https:\/\/grete.duna.no\/blog\/?p=22188"},"modified":"2017-09-20T12:29:18","modified_gmt":"2017-09-20T10:29:18","slug":"horehjelp","status":"publish","type":"post","link":"https:\/\/grete.duna.no\/blog\/2017\/09\/21\/horehjelp\/","title":{"rendered":"H\u00f8rehjelp"},"content":{"rendered":"<p>Jeg har f\u00e5tt h\u00f8reapparater. Etter at h\u00f8rselen har blitt d\u00e5rligere og tinnitusen mer insisterende \u00f8yner jeg n\u00e5 et lite h\u00e5p om bedring i hverdagen. Apparatene har b\u00e5de forsterking av lyd i mine d\u00e5rlige frekvenser og en maskerer som jeg kan sl\u00e5 av og p\u00e5.<\/p>\n<p><a href=\"https:\/\/grete.duna.no\/blog\/wp-content\/uploads\/2017\/09\/pure-primax.jpg\"><img decoding=\"async\" loading=\"lazy\" class=\"alignright size-full wp-image-22190\" src=\"https:\/\/grete.duna.no\/blog\/wp-content\/uploads\/2017\/09\/pure-primax.jpg\" alt=\"\" width=\"1280\" height=\"850\" srcset=\"https:\/\/grete.duna.no\/blog\/wp-content\/uploads\/2017\/09\/pure-primax.jpg 1280w, https:\/\/grete.duna.no\/blog\/wp-content\/uploads\/2017\/09\/pure-primax-300x199.jpg 300w, https:\/\/grete.duna.no\/blog\/wp-content\/uploads\/2017\/09\/pure-primax-768x510.jpg 768w, https:\/\/grete.duna.no\/blog\/wp-content\/uploads\/2017\/09\/pure-primax-1024x680.jpg 1024w\" sizes=\"(max-width: 709px) 85vw, (max-width: 909px) 67vw, (max-width: 1362px) 62vw, 840px\" \/><\/a><\/p>\n<p>Virker hvertfall lovende s\u00e5 langt, de er mye mindre ubehagelige \u00e5 ha p\u00e5 enn jeg fryktet. S\u00e5 f\u00e5r jeg bare h\u00e5pe de ogs\u00e5 gj\u00f8r riktig nytte for seg.<\/p>\n","protected":false},"excerpt":{"rendered":"<p>Jeg har f\u00e5tt h\u00f8reapparater. Etter at h\u00f8rselen har blitt d\u00e5rligere og tinnitusen mer insisterende \u00f8yner jeg n\u00e5 et lite h\u00e5p om bedring i hverdagen. Apparatene har b\u00e5de forsterking av lyd i mine d\u00e5rlige frekvenser og en maskerer som jeg kan sl\u00e5 av og p\u00e5. Virker hvertfall lovende s\u00e5 langt, de er mye mindre ubehagelige \u00e5 &hellip; <a href=\"https:\/\/grete.duna.no\/blog\/2017\/09\/21\/horehjelp\/\" class=\"more-link\">Continue reading<span class=\"screen-reader-text\"> &#8220;H\u00f8rehjelp&#8221;<\/span><\/a><\/p>\n","protected":false},"author":2,"featured_media":0,"comment_status":"open","ping_status":"open","sticky":false,"template":"","format":"standard","meta":[],"categories":[228],"tags":[25,168,226,108],"_links":{"self":[{"href":"https:\/\/grete.duna.no\/blog\/wp-json\/wp\/v2\/posts\/22188"}],"collection":[{"href":"https:\/\/grete.duna.no\/blog\/wp-json\/wp\/v2\/posts"}],"about":[{"href":"https:\/\/grete.duna.no\/blog\/wp-json\/wp\/v2\/types\/post"}],"author":[{"embeddable":true,"href":"https:\/\/grete.duna.no\/blog\/wp-json\/wp\/v2\/users\/2"}],"replies":[{"embeddable":true,"href":"https:\/\/grete.duna.no\/blog\/wp-json\/wp\/v2\/comments?post=22188"}],"version-history":[{"count":1,"href":"https:\/\/grete.duna.no\/blog\/wp-json\/wp\/v2\/posts\/22188\/revisions"}],"predecessor-version":[{"id":22191,"href":"https:\/\/grete.duna.no\/blog\/wp-json\/wp\/v2\/posts\/22188\/revisions\/22191"}],"wp:attachment":[{"href":"https:\/\/grete.duna.no\/blog\/wp-json\/wp\/v2\/media?parent=22188"}],"wp:term":[{"taxonomy":"category","embeddable":true,"href":"https:\/\/grete.duna.no\/blog\/wp-json\/wp\/v2\/categories?post=22188"},{"taxonomy":"post_tag","embeddable":true,"href":"https:\/\/grete.duna.no\/blog\/wp-json\/wp\/v2\/tags?post=22188"}],"curies":[{"name":"wp","href":"https:\/\/api.w.org\/{rel}","templated":true}]}}