{"id":22327,"date":"2017-12-13T23:32:39","date_gmt":"2017-12-13T22:32:39","guid":{"rendered":"https:\/\/grete.duna.no\/blog\/?p=22327"},"modified":"2017-12-14T08:42:22","modified_gmt":"2017-12-14T07:42:22","slug":"garn-til-a-dane-av","status":"publish","type":"post","link":"https:\/\/grete.duna.no\/blog\/2017\/12\/13\/garn-til-a-dane-av\/","title":{"rendered":"Garn til \u00e5 d\u00e5ne av"},"content":{"rendered":"<p>N\u00e5 har jeg p\u00e5 det n\u00e6rmeste brukt opp det kn\u00e6sjgr\u00f8nne <a href=\"https:\/\/grete.duna.no\/blog\/wp-content\/uploads\/2017\/10\/silk-blend.jpg\">garnet jeg kj\u00f8pte i \u00c5re<\/a> og har f\u00e5tt meg et deilig, mykt og veldig gr\u00f8nt sjal.<\/p>\n<p><a href=\"https:\/\/grete.duna.no\/blog\/wp-content\/uploads\/2017\/12\/syrlig-sunday.jpg\"><img decoding=\"async\" loading=\"lazy\" class=\"alignright size-full wp-image-22416\" style=\"border: 1px solid black;\" src=\"https:\/\/grete.duna.no\/blog\/wp-content\/uploads\/2017\/12\/syrlig-sunday.jpg\" alt=\"\" width=\"1280\" height=\"810\" srcset=\"https:\/\/grete.duna.no\/blog\/wp-content\/uploads\/2017\/12\/syrlig-sunday.jpg 1280w, https:\/\/grete.duna.no\/blog\/wp-content\/uploads\/2017\/12\/syrlig-sunday-300x190.jpg 300w, https:\/\/grete.duna.no\/blog\/wp-content\/uploads\/2017\/12\/syrlig-sunday-768x486.jpg 768w, https:\/\/grete.duna.no\/blog\/wp-content\/uploads\/2017\/12\/syrlig-sunday-1024x648.jpg 1024w, https:\/\/grete.duna.no\/blog\/wp-content\/uploads\/2017\/12\/syrlig-sunday-1200x759.jpg 1200w\" sizes=\"(max-width: 709px) 85vw, (max-width: 909px) 67vw, (max-width: 1362px) 62vw, 840px\" \/><\/a><\/p>\n<p>Jeg liker fortsatt veldig godt Soft Sunday-m\u00f8nsteret, s\u00e5 valget falt p\u00e5 det denne gangen ogs\u00e5.\u00a0 Resten av det gr\u00f8nne er blitt m\u00f8nsterfarge p\u00e5 en ny genser og matchende votter &#8211; ikke helt i m\u00e5l med dem enn\u00e5, men det blir sikkert snart!<\/p>\n<p><a href=\"https:\/\/www.ravelry.com\/projects\/piaprikk\/soft-sunday-4\">Link til Ravelry<\/a><\/p>\n","protected":false},"excerpt":{"rendered":"<p>N\u00e5 har jeg p\u00e5 det n\u00e6rmeste brukt opp det kn\u00e6sjgr\u00f8nne garnet jeg kj\u00f8pte i \u00c5re og har f\u00e5tt meg et deilig, mykt og veldig gr\u00f8nt sjal. Jeg liker fortsatt veldig godt Soft Sunday-m\u00f8nsteret, s\u00e5 valget falt p\u00e5 det denne gangen ogs\u00e5.\u00a0 Resten av det gr\u00f8nne er blitt m\u00f8nsterfarge p\u00e5 en ny genser og matchende votter &hellip; <a href=\"https:\/\/grete.duna.no\/blog\/2017\/12\/13\/garn-til-a-dane-av\/\" class=\"more-link\">Continue reading<span class=\"screen-reader-text\"> &#8220;Garn til \u00e5 d\u00e5ne av&#8221;<\/span><\/a><\/p>\n","protected":false},"author":2,"featured_media":0,"comment_status":"open","ping_status":"open","sticky":false,"template":"","format":"standard","meta":[],"categories":[11,43,195],"tags":[191,194,197,226,316,239,240,44,198],"_links":{"self":[{"href":"https:\/\/grete.duna.no\/blog\/wp-json\/wp\/v2\/posts\/22327"}],"collection":[{"href":"https:\/\/grete.duna.no\/blog\/wp-json\/wp\/v2\/posts"}],"about":[{"href":"https:\/\/grete.duna.no\/blog\/wp-json\/wp\/v2\/types\/post"}],"author":[{"embeddable":true,"href":"https:\/\/grete.duna.no\/blog\/wp-json\/wp\/v2\/users\/2"}],"replies":[{"embeddable":true,"href":"https:\/\/grete.duna.no\/blog\/wp-json\/wp\/v2\/comments?post=22327"}],"version-history":[{"count":6,"href":"https:\/\/grete.duna.no\/blog\/wp-json\/wp\/v2\/posts\/22327\/revisions"}],"predecessor-version":[{"id":22418,"href":"https:\/\/grete.duna.no\/blog\/wp-json\/wp\/v2\/posts\/22327\/revisions\/22418"}],"wp:attachment":[{"href":"https:\/\/grete.duna.no\/blog\/wp-json\/wp\/v2\/media?parent=22327"}],"wp:term":[{"taxonomy":"category","embeddable":true,"href":"https:\/\/grete.duna.no\/blog\/wp-json\/wp\/v2\/categories?post=22327"},{"taxonomy":"post_tag","embeddable":true,"href":"https:\/\/grete.duna.no\/blog\/wp-json\/wp\/v2\/tags?post=22327"}],"curies":[{"name":"wp","href":"https:\/\/api.w.org\/{rel}","templated":true}]}}