{"id":22778,"date":"2018-03-14T08:05:00","date_gmt":"2018-03-14T07:05:00","guid":{"rendered":"https:\/\/grete.duna.no\/blog\/?p=22778"},"modified":"2018-03-13T18:03:34","modified_gmt":"2018-03-13T17:03:34","slug":"rustfarget-soft-sunday-gave","status":"publish","type":"post","link":"https:\/\/grete.duna.no\/blog\/2018\/03\/14\/rustfarget-soft-sunday-gave\/","title":{"rendered":"Rustfarget Soft Sunday-gave"},"content":{"rendered":"<p><a href=\"https:\/\/grete.duna.no\/blog\/2018\/03\/13\/portrett-av-sovnlos-kjerring\/\">Spesialleverte portretter<\/a> er ikke hverdagskost tenker jeg. Og jeg synes absolutt kunstneren fortjener en liten p\u00e5skj\u00f8nnelse for en s\u00e5 spesiell gave. Ettersom Janne ikke ville ha noe betaling og aldeles ikke syntes hun trengte ei kofte eller noe, s\u00e5 fant jeg ut at et sjal kunne v\u00e6re en passende liten oppmerksomhet.<\/p>\n<p><a href=\"https:\/\/grete.duna.no\/blog\/wp-content\/uploads\/2018\/03\/rustsjal.jpg\"><img decoding=\"async\" loading=\"lazy\" class=\"aligncenter size-full wp-image-22779\" src=\"https:\/\/grete.duna.no\/blog\/wp-content\/uploads\/2018\/03\/rustsjal.jpg\" alt=\"\" width=\"1280\" height=\"652\" srcset=\"https:\/\/grete.duna.no\/blog\/wp-content\/uploads\/2018\/03\/rustsjal.jpg 1280w, https:\/\/grete.duna.no\/blog\/wp-content\/uploads\/2018\/03\/rustsjal-300x153.jpg 300w, https:\/\/grete.duna.no\/blog\/wp-content\/uploads\/2018\/03\/rustsjal-768x391.jpg 768w, https:\/\/grete.duna.no\/blog\/wp-content\/uploads\/2018\/03\/rustsjal-1024x522.jpg 1024w, https:\/\/grete.duna.no\/blog\/wp-content\/uploads\/2018\/03\/rustsjal-1200x611.jpg 1200w\" sizes=\"(max-width: 709px) 85vw, (max-width: 909px) 67vw, (max-width: 1362px) 62vw, 840px\" \/><\/a><\/p>\n<p>Sjalet er strikket i Sterk fra DSA, jeg hadde noen n\u00f8ster liggende og jeg tenkte at dette hvertfall er deilig og mykt &#8211; s\u00e5nn i tilfelle mottakeren ikke er s\u00e5 begeistret for ren ull mot hals og hake.<a href=\"https:\/\/grete.duna.no\/blog\/wp-content\/uploads\/2018\/03\/sjal-pa-genser.jpg\"><img decoding=\"async\" loading=\"lazy\" class=\"aligncenter size-full wp-image-22780\" src=\"https:\/\/grete.duna.no\/blog\/wp-content\/uploads\/2018\/03\/sjal-pa-genser.jpg\" alt=\"\" width=\"738\" height=\"1280\" srcset=\"https:\/\/grete.duna.no\/blog\/wp-content\/uploads\/2018\/03\/sjal-pa-genser.jpg 738w, https:\/\/grete.duna.no\/blog\/wp-content\/uploads\/2018\/03\/sjal-pa-genser-173x300.jpg 173w, https:\/\/grete.duna.no\/blog\/wp-content\/uploads\/2018\/03\/sjal-pa-genser-590x1024.jpg 590w\" sizes=\"(max-width: 709px) 85vw, (max-width: 909px) 67vw, (max-width: 984px) 61vw, (max-width: 1362px) 45vw, 600px\" \/><\/a><\/p>\n<p>Jeg h\u00e5per selvf\u00f8lgelig at fargen faller i smak ogs\u00e5, jeg aner jo ikke om hun kanskje er komplett allergisk mot r\u00f8dt-rust-oransje! <a href=\"https:\/\/grete.duna.no\/blog\/wp-content\/uploads\/2018\/03\/rust-soft-sunday.jpg\"><img decoding=\"async\" loading=\"lazy\" class=\"aligncenter size-full wp-image-22781\" src=\"https:\/\/grete.duna.no\/blog\/wp-content\/uploads\/2018\/03\/rust-soft-sunday.jpg\" alt=\"\" width=\"640\" height=\"492\" srcset=\"https:\/\/grete.duna.no\/blog\/wp-content\/uploads\/2018\/03\/rust-soft-sunday.jpg 640w, https:\/\/grete.duna.no\/blog\/wp-content\/uploads\/2018\/03\/rust-soft-sunday-300x231.jpg 300w\" sizes=\"(max-width: 709px) 85vw, (max-width: 909px) 67vw, (max-width: 984px) 61vw, (max-width: 1362px) 45vw, 600px\" \/><\/a><\/p>\n<p>Uansett, det er hvertfall et sjal strikket i takknemlighet og med de aller beste \u00f8nsker.<\/p>\n<p><a href=\"https:\/\/www.ravelry.com\/projects\/piaprikk\/soft-sunday-5\">Link til Ravelry<\/a><\/p>\n","protected":false},"excerpt":{"rendered":"<p>Spesialleverte portretter er ikke hverdagskost tenker jeg. Og jeg synes absolutt kunstneren fortjener en liten p\u00e5skj\u00f8nnelse for en s\u00e5 spesiell gave. Ettersom Janne ikke ville ha noe betaling og aldeles ikke syntes hun trengte ei kofte eller noe, s\u00e5 fant jeg ut at et sjal kunne v\u00e6re en passende liten oppmerksomhet. Sjalet er strikket i &hellip; <a href=\"https:\/\/grete.duna.no\/blog\/2018\/03\/14\/rustfarget-soft-sunday-gave\/\" class=\"more-link\">Continue reading<span class=\"screen-reader-text\"> &#8220;Rustfarget Soft Sunday-gave&#8221;<\/span><\/a><\/p>\n","protected":false},"author":2,"featured_media":0,"comment_status":"open","ping_status":"open","sticky":false,"template":"","format":"standard","meta":[],"categories":[43],"tags":[],"_links":{"self":[{"href":"https:\/\/grete.duna.no\/blog\/wp-json\/wp\/v2\/posts\/22778"}],"collection":[{"href":"https:\/\/grete.duna.no\/blog\/wp-json\/wp\/v2\/posts"}],"about":[{"href":"https:\/\/grete.duna.no\/blog\/wp-json\/wp\/v2\/types\/post"}],"author":[{"embeddable":true,"href":"https:\/\/grete.duna.no\/blog\/wp-json\/wp\/v2\/users\/2"}],"replies":[{"embeddable":true,"href":"https:\/\/grete.duna.no\/blog\/wp-json\/wp\/v2\/comments?post=22778"}],"version-history":[{"count":5,"href":"https:\/\/grete.duna.no\/blog\/wp-json\/wp\/v2\/posts\/22778\/revisions"}],"predecessor-version":[{"id":22816,"href":"https:\/\/grete.duna.no\/blog\/wp-json\/wp\/v2\/posts\/22778\/revisions\/22816"}],"wp:attachment":[{"href":"https:\/\/grete.duna.no\/blog\/wp-json\/wp\/v2\/media?parent=22778"}],"wp:term":[{"taxonomy":"category","embeddable":true,"href":"https:\/\/grete.duna.no\/blog\/wp-json\/wp\/v2\/categories?post=22778"},{"taxonomy":"post_tag","embeddable":true,"href":"https:\/\/grete.duna.no\/blog\/wp-json\/wp\/v2\/tags?post=22778"}],"curies":[{"name":"wp","href":"https:\/\/api.w.org\/{rel}","templated":true}]}}