{"id":22834,"date":"2018-04-03T18:12:44","date_gmt":"2018-04-03T16:12:44","guid":{"rendered":"https:\/\/grete.duna.no\/blog\/?p=22834"},"modified":"2018-04-03T18:12:44","modified_gmt":"2018-04-03T16:12:44","slug":"her-er-jeg","status":"publish","type":"post","link":"https:\/\/grete.duna.no\/blog\/2018\/04\/03\/her-er-jeg\/","title":{"rendered":"Her er jeg"},"content":{"rendered":"<p>Jeg er s\u00e5 fantastisk heldig \u00e5 ha <em>ekte<\/em> kunstnere i mer eller mindre n\u00e6rhet, som alle har portrettert meg p\u00e5 en eller annen m\u00e5te. Det aller f\u00f8rste <a href=\"https:\/\/grete.duna.no\/blog\/2014\/02\/25\/stor-kunst\/\">bildet av meg<\/a> fikk jeg av Ida Sofie da hun var bare tre \u00e5r. Hun tegnet <strong>bestemor som strikker<\/strong> og jeg m\u00e5 si jeg bare elsker den tegningen!<\/p>\n<p><a href=\"https:\/\/grete.duna.no\/blog\/wp-content\/uploads\/2014\/02\/bestemor-strikker.jpg\"><img decoding=\"async\" loading=\"lazy\" class=\"aligncenter size-full wp-image-15624\" style=\"border: 1px solid black;\" src=\"https:\/\/grete.duna.no\/blog\/wp-content\/uploads\/2014\/02\/bestemor-strikker.jpg\" alt=\"\" width=\"900\" height=\"578\" srcset=\"https:\/\/grete.duna.no\/blog\/wp-content\/uploads\/2014\/02\/bestemor-strikker.jpg 900w, https:\/\/grete.duna.no\/blog\/wp-content\/uploads\/2014\/02\/bestemor-strikker-300x192.jpg 300w\" sizes=\"(max-width: 709px) 85vw, (max-width: 909px) 67vw, (max-width: 1362px) 62vw, 840px\" \/><\/a>Margrete er en fabelaktig heklekunstner, og hun har laget <strong>meg<\/strong>, en <a href=\"https:\/\/grete.duna.no\/blog\/2016\/07\/08\/tjuvstart\/\">nydelig liten figur<\/a> som jeg fikk til bursdagen min for et par \u00e5r siden. Dokka har til og med f\u00e5tt skj\u00e6rg\u00e5rdsgenser!<\/p>\n<p><a href=\"https:\/\/grete.duna.no\/blog\/wp-content\/uploads\/2016\/07\/mini-me.jpg\"><img decoding=\"async\" loading=\"lazy\" class=\"aligncenter size-full wp-image-20694\" style=\"border: 1px solid black;\" src=\"https:\/\/grete.duna.no\/blog\/wp-content\/uploads\/2016\/07\/mini-me.jpg\" alt=\"\" width=\"1137\" height=\"1280\" srcset=\"https:\/\/grete.duna.no\/blog\/wp-content\/uploads\/2016\/07\/mini-me.jpg 1137w, https:\/\/grete.duna.no\/blog\/wp-content\/uploads\/2016\/07\/mini-me-266x300.jpg 266w, https:\/\/grete.duna.no\/blog\/wp-content\/uploads\/2016\/07\/mini-me-768x865.jpg 768w, https:\/\/grete.duna.no\/blog\/wp-content\/uploads\/2016\/07\/mini-me-910x1024.jpg 910w\" sizes=\"(max-width: 709px) 85vw, (max-width: 909px) 67vw, (max-width: 1362px) 62vw, 840px\" \/><\/a>Til bryllupsdagen v\u00e5r i fjor bestilte jeg et <a href=\"https:\/\/grete.duna.no\/blog\/2017\/08\/24\/oss-toan\/\">maleri av oss toan<\/a>, fra dyktige Grethe. S\u00e5 kan folk ogs\u00e5 f\u00e5 se b\u00e5de <strong>meg og Olav<\/strong> i fri utfoldelse i den badestampen vi kanskje anskaffer en dag:<\/p>\n<p><a href=\"https:\/\/grete.duna.no\/blog\/wp-content\/uploads\/2017\/08\/badestampbilde.jpg\"><img decoding=\"async\" loading=\"lazy\" class=\"aligncenter size-full wp-image-22103\" style=\"border: 1px solid black;\" src=\"https:\/\/grete.duna.no\/blog\/wp-content\/uploads\/2017\/08\/badestampbilde.jpg\" alt=\"\" width=\"1128\" height=\"1136\" srcset=\"https:\/\/grete.duna.no\/blog\/wp-content\/uploads\/2017\/08\/badestampbilde.jpg 1128w, https:\/\/grete.duna.no\/blog\/wp-content\/uploads\/2017\/08\/badestampbilde-180x180.jpg 180w, https:\/\/grete.duna.no\/blog\/wp-content\/uploads\/2017\/08\/badestampbilde-298x300.jpg 298w, https:\/\/grete.duna.no\/blog\/wp-content\/uploads\/2017\/08\/badestampbilde-768x773.jpg 768w, https:\/\/grete.duna.no\/blog\/wp-content\/uploads\/2017\/08\/badestampbilde-1017x1024.jpg 1017w\" sizes=\"(max-width: 709px) 85vw, (max-width: 909px) 67vw, (max-width: 1362px) 62vw, 840px\" \/><\/a>Og s\u00e5 fikk jeg et aldeles praktfullt maleri fra Gry Hege, som hadde laget <a href=\"https:\/\/grete.duna.no\/blog\/2018\/01\/15\/lakokkaratsja-altsa\/\">portretter av oss alle<\/a> i <strong>Tiaralosjen<\/strong>. Tenk at hun skaper s\u00e5 herlige bilder selv etter \u00e5 ha mistet hendene! Dette er en uvanlig h\u00f8yt skattet gave.<\/p>\n<p><a href=\"https:\/\/grete.duna.no\/blog\/wp-content\/uploads\/2018\/01\/mitt-portrett.jpg\"><img decoding=\"async\" loading=\"lazy\" class=\"aligncenter size-full wp-image-22567\" style=\"border: 1px solid black;\" src=\"https:\/\/grete.duna.no\/blog\/wp-content\/uploads\/2018\/01\/mitt-portrett.jpg\" alt=\"\" width=\"1280\" height=\"1280\" srcset=\"https:\/\/grete.duna.no\/blog\/wp-content\/uploads\/2018\/01\/mitt-portrett.jpg 1280w, https:\/\/grete.duna.no\/blog\/wp-content\/uploads\/2018\/01\/mitt-portrett-180x180.jpg 180w, https:\/\/grete.duna.no\/blog\/wp-content\/uploads\/2018\/01\/mitt-portrett-300x300.jpg 300w, https:\/\/grete.duna.no\/blog\/wp-content\/uploads\/2018\/01\/mitt-portrett-768x768.jpg 768w, https:\/\/grete.duna.no\/blog\/wp-content\/uploads\/2018\/01\/mitt-portrett-1024x1024.jpg 1024w, https:\/\/grete.duna.no\/blog\/wp-content\/uploads\/2018\/01\/mitt-portrett-1200x1200.jpg 1200w\" sizes=\"(max-width: 709px) 85vw, (max-width: 909px) 67vw, (max-width: 1362px) 62vw, 840px\" \/><\/a>Siste tilskudd til samlingen av kunst er de supermorsomme tegningene jeg fikk fra Janne, som viser <a href=\"https:\/\/grete.duna.no\/blog\/2018\/03\/13\/portrett-av-sovnlos-kjerring\/\">hvordan en stakkar blir seende ut<\/a> i s\u00f8vnl\u00f8shetens grep:<\/p>\n<p><a href=\"https:\/\/grete.duna.no\/blog\/wp-content\/uploads\/2018\/03\/sovnlos-portretter.jpg\"><img decoding=\"async\" loading=\"lazy\" class=\"aligncenter size-full wp-image-22835\" style=\"border: 1px solid black;\" src=\"https:\/\/grete.duna.no\/blog\/wp-content\/uploads\/2018\/03\/sovnlos-portretter.jpg\" alt=\"\" width=\"1280\" height=\"787\" srcset=\"https:\/\/grete.duna.no\/blog\/wp-content\/uploads\/2018\/03\/sovnlos-portretter.jpg 1280w, https:\/\/grete.duna.no\/blog\/wp-content\/uploads\/2018\/03\/sovnlos-portretter-300x184.jpg 300w, https:\/\/grete.duna.no\/blog\/wp-content\/uploads\/2018\/03\/sovnlos-portretter-768x472.jpg 768w, https:\/\/grete.duna.no\/blog\/wp-content\/uploads\/2018\/03\/sovnlos-portretter-1024x630.jpg 1024w, https:\/\/grete.duna.no\/blog\/wp-content\/uploads\/2018\/03\/sovnlos-portretter-1200x738.jpg 1200w\" sizes=\"(max-width: 709px) 85vw, (max-width: 909px) 67vw, (max-width: 1362px) 62vw, 840px\" \/><\/a>S\u00e5 alle som ikke har m\u00f8tt meg; n\u00e5 vet dere antagelig hvordan jeg <strong>faktisk<\/strong> ser ut. \ud83d\ude00<\/p>\n","protected":false},"excerpt":{"rendered":"<p>Jeg er s\u00e5 fantastisk heldig \u00e5 ha ekte kunstnere i mer eller mindre n\u00e6rhet, som alle har portrettert meg p\u00e5 en eller annen m\u00e5te. Det aller f\u00f8rste bildet av meg fikk jeg av Ida Sofie da hun var bare tre \u00e5r. Hun tegnet bestemor som strikker og jeg m\u00e5 si jeg bare elsker den tegningen! &hellip; <a href=\"https:\/\/grete.duna.no\/blog\/2018\/04\/03\/her-er-jeg\/\" class=\"more-link\">Continue reading<span class=\"screen-reader-text\"> &#8220;Her er jeg&#8221;<\/span><\/a><\/p>\n","protected":false},"author":2,"featured_media":0,"comment_status":"open","ping_status":"open","sticky":false,"template":"","format":"standard","meta":[],"categories":[9,14],"tags":[266,77,112,12,226,28,223],"_links":{"self":[{"href":"https:\/\/grete.duna.no\/blog\/wp-json\/wp\/v2\/posts\/22834"}],"collection":[{"href":"https:\/\/grete.duna.no\/blog\/wp-json\/wp\/v2\/posts"}],"about":[{"href":"https:\/\/grete.duna.no\/blog\/wp-json\/wp\/v2\/types\/post"}],"author":[{"embeddable":true,"href":"https:\/\/grete.duna.no\/blog\/wp-json\/wp\/v2\/users\/2"}],"replies":[{"embeddable":true,"href":"https:\/\/grete.duna.no\/blog\/wp-json\/wp\/v2\/comments?post=22834"}],"version-history":[{"count":2,"href":"https:\/\/grete.duna.no\/blog\/wp-json\/wp\/v2\/posts\/22834\/revisions"}],"predecessor-version":[{"id":22837,"href":"https:\/\/grete.duna.no\/blog\/wp-json\/wp\/v2\/posts\/22834\/revisions\/22837"}],"wp:attachment":[{"href":"https:\/\/grete.duna.no\/blog\/wp-json\/wp\/v2\/media?parent=22834"}],"wp:term":[{"taxonomy":"category","embeddable":true,"href":"https:\/\/grete.duna.no\/blog\/wp-json\/wp\/v2\/categories?post=22834"},{"taxonomy":"post_tag","embeddable":true,"href":"https:\/\/grete.duna.no\/blog\/wp-json\/wp\/v2\/tags?post=22834"}],"curies":[{"name":"wp","href":"https:\/\/api.w.org\/{rel}","templated":true}]}}