{"id":24851,"date":"2020-04-26T21:22:57","date_gmt":"2020-04-26T19:22:57","guid":{"rendered":"https:\/\/grete.duna.no\/blog\/?p=24851"},"modified":"2020-04-27T15:54:36","modified_gmt":"2020-04-27T13:54:36","slug":"mytji-ull","status":"publish","type":"post","link":"https:\/\/grete.duna.no\/blog\/2020\/04\/26\/mytji-ull\/","title":{"rendered":"Mytji ull \u2026"},"content":{"rendered":"<p><a href=\"https:\/\/grete.duna.no\/blog\/wp-content\/uploads\/2020\/04\/ull-fra-trine.jpg\"><img decoding=\"async\" loading=\"lazy\" class=\"alignright size-full wp-image-24852\" style=\"border: 1px solid black;\" src=\"https:\/\/grete.duna.no\/blog\/wp-content\/uploads\/2020\/04\/ull-fra-trine.jpg\" alt=\"\" width=\"1280\" height=\"720\" srcset=\"https:\/\/grete.duna.no\/blog\/wp-content\/uploads\/2020\/04\/ull-fra-trine.jpg 1280w, https:\/\/grete.duna.no\/blog\/wp-content\/uploads\/2020\/04\/ull-fra-trine-300x169.jpg 300w, https:\/\/grete.duna.no\/blog\/wp-content\/uploads\/2020\/04\/ull-fra-trine-1024x576.jpg 1024w, https:\/\/grete.duna.no\/blog\/wp-content\/uploads\/2020\/04\/ull-fra-trine-768x432.jpg 768w, https:\/\/grete.duna.no\/blog\/wp-content\/uploads\/2020\/04\/ull-fra-trine-1200x675.jpg 1200w\" sizes=\"(max-width: 709px) 85vw, (max-width: 909px) 67vw, (max-width: 1362px) 62vw, 840px\" \/><\/a>Jeg er nok en av de heldigste jeg vet om, for jeg har f\u00e5tt to sekker med fantastisk fin ull av Trine sine flotte tr\u00f8ndersauer. Se bare hva <a href=\"https:\/\/www.nibio.no\/tema\/mat\/husdyrgenetiske-ressurser\/bevaringsverdige-husdyrraser\/sau\/gr%C3%A5-tr%C3%B8ndersau\">Nibio<\/a> sier om ulla:<\/p>\n<blockquote><p>Den antatt siste besetningen med gr\u00e5 tr\u00f8ndersau, rasen med den &#8220;s\u00e6rs fine ulla&#8221;, ble i siste liten reddet ut av slakteribilen i Telemark i 1992. I dag er det nesten to tusen s\u00f8yer av rasen som har sitt kjerneomr\u00e5de i Tr\u00f8ndelag, men som ogs\u00e5 finnes fra Rogaland i s\u00f8r til Nordland i nord.<\/p><\/blockquote>\n<p>De snasne sauene var ikke s\u00e6rlig villige til \u00e5 posere for meg, men her er de to ull-leverand\u00f8rene, og deres frier:<\/p>\n<div id='gallery-1' class='gallery galleryid-24851 gallery-columns-3 gallery-size-thumbnail'><figure class='gallery-item'>\n\t\t\t<div class='gallery-icon landscape'>\n\t\t\t\t<a href='https:\/\/grete.duna.no\/blog\/2020\/04\/26\/mytji-ull\/snasa\/'><img width=\"180\" height=\"180\" src=\"https:\/\/grete.duna.no\/blog\/wp-content\/uploads\/2020\/04\/snasa-180x180.jpg\" class=\"attachment-thumbnail size-thumbnail\" alt=\"\" decoding=\"async\" loading=\"lazy\" aria-describedby=\"gallery-1-24853\" \/><\/a>\n\t\t\t<\/div>\n\t\t\t\t<figcaption class='wp-caption-text gallery-caption' id='gallery-1-24853'>\n\t\t\t\tSn\u00e5sa, snart lamming!\n\t\t\t\t<\/figcaption><\/figure><figure class='gallery-item'>\n\t\t\t<div class='gallery-icon landscape'>\n\t\t\t\t<a href='https:\/\/grete.duna.no\/blog\/2020\/04\/26\/mytji-ull\/varen-varner\/'><img width=\"180\" height=\"180\" src=\"https:\/\/grete.duna.no\/blog\/wp-content\/uploads\/2020\/04\/varen-varner-180x180.jpg\" class=\"attachment-thumbnail size-thumbnail\" alt=\"\" decoding=\"async\" loading=\"lazy\" aria-describedby=\"gallery-1-24855\" \/><\/a>\n\t\t\t<\/div>\n\t\t\t\t<figcaption class='wp-caption-text gallery-caption' id='gallery-1-24855'>\n\t\t\t\tV\u00e6rner, storsjarm\u00f8r\n\t\t\t\t<\/figcaption><\/figure><figure class='gallery-item'>\n\t\t\t<div class='gallery-icon landscape'>\n\t\t\t\t<a href='https:\/\/grete.duna.no\/blog\/2020\/04\/26\/mytji-ull\/ulla-tronder\/'><img width=\"180\" height=\"180\" src=\"https:\/\/grete.duna.no\/blog\/wp-content\/uploads\/2020\/04\/ulla-tronder-180x180.jpg\" class=\"attachment-thumbnail size-thumbnail\" alt=\"\" decoding=\"async\" loading=\"lazy\" aria-describedby=\"gallery-1-24854\" \/><\/a>\n\t\t\t<\/div>\n\t\t\t\t<figcaption class='wp-caption-text gallery-caption' id='gallery-1-24854'>\n\t\t\t\tUlla \u2013 vakkert skamklipt\n\t\t\t\t<\/figcaption><\/figure>\n\t\t<\/div>\n\n<p>N\u00e5 <em><strong>M\u00c5<\/strong><\/em> jeg l\u00e6re meg \u00e5 spinne! <a href=\"https:\/\/grete.duna.no\/blog\/wp-content\/uploads\/2018\/09\/mini-yarn-ball.jpg\"><img decoding=\"async\" loading=\"lazy\" class=\"alignright size-full wp-image-23301\" src=\"https:\/\/grete.duna.no\/blog\/wp-content\/uploads\/2018\/09\/mini-yarn-ball.jpg\" alt=\"\" width=\"50\" height=\"43\" \/><\/a><\/p>\n","protected":false},"excerpt":{"rendered":"<p>Jeg er nok en av de heldigste jeg vet om, for jeg har f\u00e5tt to sekker med fantastisk fin ull av Trine sine flotte tr\u00f8ndersauer. Se bare hva Nibio sier om ulla: Den antatt siste besetningen med gr\u00e5 tr\u00f8ndersau, rasen med den &#8220;s\u00e6rs fine ulla&#8221;, ble i siste liten reddet ut av slakteribilen i Telemark &hellip; <a href=\"https:\/\/grete.duna.no\/blog\/2020\/04\/26\/mytji-ull\/\" class=\"more-link\">Continue reading<span class=\"screen-reader-text\"> &#8220;Mytji ull \u2026&#8221;<\/span><\/a><\/p>\n","protected":false},"author":2,"featured_media":0,"comment_status":"open","ping_status":"open","sticky":false,"template":"","format":"standard","meta":[],"categories":[11,195,6,14],"tags":[197,56,198,223],"_links":{"self":[{"href":"https:\/\/grete.duna.no\/blog\/wp-json\/wp\/v2\/posts\/24851"}],"collection":[{"href":"https:\/\/grete.duna.no\/blog\/wp-json\/wp\/v2\/posts"}],"about":[{"href":"https:\/\/grete.duna.no\/blog\/wp-json\/wp\/v2\/types\/post"}],"author":[{"embeddable":true,"href":"https:\/\/grete.duna.no\/blog\/wp-json\/wp\/v2\/users\/2"}],"replies":[{"embeddable":true,"href":"https:\/\/grete.duna.no\/blog\/wp-json\/wp\/v2\/comments?post=24851"}],"version-history":[{"count":3,"href":"https:\/\/grete.duna.no\/blog\/wp-json\/wp\/v2\/posts\/24851\/revisions"}],"predecessor-version":[{"id":24858,"href":"https:\/\/grete.duna.no\/blog\/wp-json\/wp\/v2\/posts\/24851\/revisions\/24858"}],"wp:attachment":[{"href":"https:\/\/grete.duna.no\/blog\/wp-json\/wp\/v2\/media?parent=24851"}],"wp:term":[{"taxonomy":"category","embeddable":true,"href":"https:\/\/grete.duna.no\/blog\/wp-json\/wp\/v2\/categories?post=24851"},{"taxonomy":"post_tag","embeddable":true,"href":"https:\/\/grete.duna.no\/blog\/wp-json\/wp\/v2\/tags?post=24851"}],"curies":[{"name":"wp","href":"https:\/\/api.w.org\/{rel}","templated":true}]}}