{"id":249,"date":"2009-06-30T19:17:28","date_gmt":"2009-06-30T17:17:28","guid":{"rendered":"http:\/\/grete.duna.no\/blog\/?p=249"},"modified":"2012-03-20T16:43:34","modified_gmt":"2012-03-20T15:43:34","slug":"jeg-hater-deg-tyv","status":"publish","type":"post","link":"https:\/\/grete.duna.no\/blog\/2009\/06\/30\/jeg-hater-deg-tyv\/","title":{"rendered":"Jeg hater deg, tyv!"},"content":{"rendered":"<p>Tyver er de laveste av alle mennesker. For en sm\u00e5lig ting \u00e5 gj\u00f8re; ta noen andres ting. Alle vet at vi ikke skal ta andres ting, og alle vet at dette gjelder ogs\u00e5 om tingene er tilgjengelige eller ul\u00e5st, synlige eller hva som helst. Det er fortsatt ikke fritt frem. Jeg kj\u00f8pte en bil-GPS til Olav p\u00e5 bursdagen hans for to \u00e5r siden, og den har v\u00e6rt kjekk \u00e5 ha n\u00e5r vi har v\u00e6rt p\u00e5 tur, den har holdt rede p\u00e5 hvor vi har v\u00e6rt og hjulpet oss \u00e5 finne steder vi vil se. Alts\u00e5 de helt vanlige GPS-tingene. I natt ble den stj\u00e5let fra bilen v\u00e5r. Monteringsbraketten, antennen og laderen forsvant ogs\u00e5. Det er bare s\u00e5 irriterende! Bilen var \u00e5pen om morgenen, s\u00e5 jeg antar den var ul\u00e5st. Det betyr ingen forsikringsutbetaling. Men likevel &#8211; det var i v\u00e5r bil, d\u00f8rene og vinduene var lukket, bilen var parkert p\u00e5 v\u00e5r eiendom p\u00e5 v\u00e5r private parkeringsplass. Det var ingen invitasjon til \u00e5 g\u00e5 inn der og ta hva man m\u00e5tte ha lyst p\u00e5. Bookmarks og favoritter i GPS&#8217;en er v\u00e5re, de er private. \u00c5 stjele noe er et overgrep mot den private sf\u00e6re. Og det er det mest sm\u00e5lige, laveste, skitneste som finnes. Jeg avskyr deg, tyv!<\/p>\n","protected":false},"excerpt":{"rendered":"<p>Tyver er de laveste av alle mennesker. For en sm\u00e5lig ting \u00e5 gj\u00f8re; ta noen andres ting. Alle vet at vi ikke skal ta andres ting, og alle vet at dette gjelder ogs\u00e5 om tingene er tilgjengelige eller ul\u00e5st, synlige eller hva som helst. Det er fortsatt ikke fritt frem. Jeg kj\u00f8pte en bil-GPS til &hellip; <a href=\"https:\/\/grete.duna.no\/blog\/2009\/06\/30\/jeg-hater-deg-tyv\/\" class=\"more-link\">Continue reading<span class=\"screen-reader-text\"> &#8220;Jeg hater deg, tyv!&#8221;<\/span><\/a><\/p>\n","protected":false},"author":2,"featured_media":0,"comment_status":"open","ping_status":"open","sticky":false,"template":"","format":"standard","meta":[],"categories":[54],"tags":[157],"_links":{"self":[{"href":"https:\/\/grete.duna.no\/blog\/wp-json\/wp\/v2\/posts\/249"}],"collection":[{"href":"https:\/\/grete.duna.no\/blog\/wp-json\/wp\/v2\/posts"}],"about":[{"href":"https:\/\/grete.duna.no\/blog\/wp-json\/wp\/v2\/types\/post"}],"author":[{"embeddable":true,"href":"https:\/\/grete.duna.no\/blog\/wp-json\/wp\/v2\/users\/2"}],"replies":[{"embeddable":true,"href":"https:\/\/grete.duna.no\/blog\/wp-json\/wp\/v2\/comments?post=249"}],"version-history":[{"count":4,"href":"https:\/\/grete.duna.no\/blog\/wp-json\/wp\/v2\/posts\/249\/revisions"}],"predecessor-version":[{"id":10786,"href":"https:\/\/grete.duna.no\/blog\/wp-json\/wp\/v2\/posts\/249\/revisions\/10786"}],"wp:attachment":[{"href":"https:\/\/grete.duna.no\/blog\/wp-json\/wp\/v2\/media?parent=249"}],"wp:term":[{"taxonomy":"category","embeddable":true,"href":"https:\/\/grete.duna.no\/blog\/wp-json\/wp\/v2\/categories?post=249"},{"taxonomy":"post_tag","embeddable":true,"href":"https:\/\/grete.duna.no\/blog\/wp-json\/wp\/v2\/tags?post=249"}],"curies":[{"name":"wp","href":"https:\/\/api.w.org\/{rel}","templated":true}]}}