{"id":25194,"date":"2020-12-05T15:32:53","date_gmt":"2020-12-05T14:32:53","guid":{"rendered":"https:\/\/grete.duna.no\/blog\/?p=25194"},"modified":"2020-12-05T15:32:53","modified_gmt":"2020-12-05T14:32:53","slug":"vinterforing","status":"publish","type":"post","link":"https:\/\/grete.duna.no\/blog\/2020\/12\/05\/vinterforing\/","title":{"rendered":"Vinterf\u00f4ring"},"content":{"rendered":"<p><a href=\"https:\/\/grete.duna.no\/blog\/wp-content\/uploads\/2020\/12\/fugler-5des20.jpg\"><img decoding=\"async\" loading=\"lazy\" class=\"alignright size-full wp-image-25195\" style=\"border: 1px solid black;\" src=\"https:\/\/grete.duna.no\/blog\/wp-content\/uploads\/2020\/12\/fugler-5des20.jpg\" alt=\"\" width=\"1280\" height=\"716\" srcset=\"https:\/\/grete.duna.no\/blog\/wp-content\/uploads\/2020\/12\/fugler-5des20.jpg 1280w, https:\/\/grete.duna.no\/blog\/wp-content\/uploads\/2020\/12\/fugler-5des20-300x168.jpg 300w, https:\/\/grete.duna.no\/blog\/wp-content\/uploads\/2020\/12\/fugler-5des20-1024x573.jpg 1024w, https:\/\/grete.duna.no\/blog\/wp-content\/uploads\/2020\/12\/fugler-5des20-768x430.jpg 768w, https:\/\/grete.duna.no\/blog\/wp-content\/uploads\/2020\/12\/fugler-5des20-1200x671.jpg 1200w\" sizes=\"(max-width: 709px) 85vw, (max-width: 909px) 67vw, (max-width: 1362px) 62vw, 840px\" \/><\/a><br \/>\nDet er ting som tyder p\u00e5 at jeg n\u00e6rmer meg pensjonsalderen med stormskritt. Jeg elsker nemlig \u00e5 se p\u00e5 sm\u00e5fuglene! N\u00e5 er det bare s\u00e5vidt dagslys midt p\u00e5 dagen, og dermed g\u00e5r jeg glipp av aktivitetene mens det er arbeidsdag.<\/p>\n<p><a href=\"https:\/\/grete.duna.no\/blog\/wp-content\/uploads\/2020\/12\/ny-fuglemater.jpg\"><img decoding=\"async\" loading=\"lazy\" class=\"alignright size-full wp-image-25196\" style=\"border: 1px solid black;\" src=\"https:\/\/grete.duna.no\/blog\/wp-content\/uploads\/2020\/12\/ny-fuglemater.jpg\" alt=\"\" width=\"1280\" height=\"879\" srcset=\"https:\/\/grete.duna.no\/blog\/wp-content\/uploads\/2020\/12\/ny-fuglemater.jpg 1280w, https:\/\/grete.duna.no\/blog\/wp-content\/uploads\/2020\/12\/ny-fuglemater-300x206.jpg 300w, https:\/\/grete.duna.no\/blog\/wp-content\/uploads\/2020\/12\/ny-fuglemater-1024x703.jpg 1024w, https:\/\/grete.duna.no\/blog\/wp-content\/uploads\/2020\/12\/ny-fuglemater-768x527.jpg 768w, https:\/\/grete.duna.no\/blog\/wp-content\/uploads\/2020\/12\/ny-fuglemater-1200x824.jpg 1200w\" sizes=\"(max-width: 709px) 85vw, (max-width: 909px) 67vw, (max-width: 1362px) 62vw, 840px\" \/><\/a><br \/>\nJeg h\u00e5per nesten at det snart kommer litt sn\u00f8, s\u00e5 hensikten med fuglematerne kommer mer til sin rett. Og jeg h\u00e5per selvf\u00f8lgelig p\u00e5 bes\u00f8k av noen av de mer sjeldne fuglene, som denne stillitsen som vi bare har sett \u00e9n gang.<\/p>\n<p>For\u00f8vrig m\u00e5 jeg bare beklage at det er lite oppdateringer herfra. Det skyldes selvf\u00f8lgelig at mesteparten av de daglige aktivitetene er hemmeligheter til jul \ud83d\ude42<\/p>\n","protected":false},"excerpt":{"rendered":"<p>Det er ting som tyder p\u00e5 at jeg n\u00e6rmer meg pensjonsalderen med stormskritt. Jeg elsker nemlig \u00e5 se p\u00e5 sm\u00e5fuglene! N\u00e5 er det bare s\u00e5vidt dagslys midt p\u00e5 dagen, og dermed g\u00e5r jeg glipp av aktivitetene mens det er arbeidsdag. Jeg h\u00e5per nesten at det snart kommer litt sn\u00f8, s\u00e5 hensikten med fuglematerne kommer mer &hellip; <a href=\"https:\/\/grete.duna.no\/blog\/2020\/12\/05\/vinterforing\/\" class=\"more-link\">Continue reading<span class=\"screen-reader-text\"> &#8220;Vinterf\u00f4ring&#8221;<\/span><\/a><\/p>\n","protected":false},"author":2,"featured_media":0,"comment_status":"open","ping_status":"open","sticky":false,"template":"","format":"standard","meta":[],"categories":[11,43,195],"tags":[191,341,342,131,47,37],"_links":{"self":[{"href":"https:\/\/grete.duna.no\/blog\/wp-json\/wp\/v2\/posts\/25194"}],"collection":[{"href":"https:\/\/grete.duna.no\/blog\/wp-json\/wp\/v2\/posts"}],"about":[{"href":"https:\/\/grete.duna.no\/blog\/wp-json\/wp\/v2\/types\/post"}],"author":[{"embeddable":true,"href":"https:\/\/grete.duna.no\/blog\/wp-json\/wp\/v2\/users\/2"}],"replies":[{"embeddable":true,"href":"https:\/\/grete.duna.no\/blog\/wp-json\/wp\/v2\/comments?post=25194"}],"version-history":[{"count":1,"href":"https:\/\/grete.duna.no\/blog\/wp-json\/wp\/v2\/posts\/25194\/revisions"}],"predecessor-version":[{"id":25197,"href":"https:\/\/grete.duna.no\/blog\/wp-json\/wp\/v2\/posts\/25194\/revisions\/25197"}],"wp:attachment":[{"href":"https:\/\/grete.duna.no\/blog\/wp-json\/wp\/v2\/media?parent=25194"}],"wp:term":[{"taxonomy":"category","embeddable":true,"href":"https:\/\/grete.duna.no\/blog\/wp-json\/wp\/v2\/categories?post=25194"},{"taxonomy":"post_tag","embeddable":true,"href":"https:\/\/grete.duna.no\/blog\/wp-json\/wp\/v2\/tags?post=25194"}],"curies":[{"name":"wp","href":"https:\/\/api.w.org\/{rel}","templated":true}]}}