{"id":25305,"date":"2021-03-20T13:43:06","date_gmt":"2021-03-20T12:43:06","guid":{"rendered":"https:\/\/grete.duna.no\/blog\/?p=25305"},"modified":"2021-03-22T13:53:02","modified_gmt":"2021-03-22T12:53:02","slug":"jula-varer-helt-til","status":"publish","type":"post","link":"https:\/\/grete.duna.no\/blog\/2021\/03\/20\/jula-varer-helt-til\/","title":{"rendered":"Jula varer helt til \u2026"},"content":{"rendered":"<p><a href=\"https:\/\/grete.duna.no\/blog\/wp-content\/uploads\/2021\/03\/ida-noragenser-detalj.jpg\"><img decoding=\"async\" loading=\"lazy\" class=\"alignright size-full wp-image-25306\" style=\"border: 1px solid black;\" src=\"https:\/\/grete.duna.no\/blog\/wp-content\/uploads\/2021\/03\/ida-noragenser-detalj.jpg\" alt=\"\" width=\"1280\" height=\"1010\" srcset=\"https:\/\/grete.duna.no\/blog\/wp-content\/uploads\/2021\/03\/ida-noragenser-detalj.jpg 1280w, https:\/\/grete.duna.no\/blog\/wp-content\/uploads\/2021\/03\/ida-noragenser-detalj-300x237.jpg 300w, https:\/\/grete.duna.no\/blog\/wp-content\/uploads\/2021\/03\/ida-noragenser-detalj-1024x808.jpg 1024w, https:\/\/grete.duna.no\/blog\/wp-content\/uploads\/2021\/03\/ida-noragenser-detalj-768x606.jpg 768w, https:\/\/grete.duna.no\/blog\/wp-content\/uploads\/2021\/03\/ida-noragenser-detalj-1200x947.jpg 1200w\" sizes=\"(max-width: 709px) 85vw, (max-width: 909px) 67vw, (max-width: 1362px) 62vw, 840px\" \/><\/a><br \/>\nN\u00e5 har jeg gjort ferdig en genser til Ida \ud83d\udc9c Hun fikk nemlig <em>bare<\/em> et gavekort til jul og kunne \u00f8nske seg m\u00f8nster og farger p\u00e5 en genser selv. Jeg m\u00e5 dessverre beklage at det ikke ble <em>helt<\/em> som hun beskrev, men ganske n\u00e6rt \u2013 tror jeg. Genseren er strikket med m\u00f8nster i kn\u00e6sjrosa og lilla, p\u00e5 gr\u00e5 bakgrunn. Og den store happeningen til sommeren er rideleir, og jeg tror denne genseren passer godt som hestegenser!<\/p>\n<p><a href=\"https:\/\/grete.duna.no\/blog\/wp-content\/uploads\/2021\/03\/ida-noragenser.jpg\"><img decoding=\"async\" loading=\"lazy\" class=\"alignright size-full wp-image-25307\" style=\"border: 1px solid black;\" src=\"https:\/\/grete.duna.no\/blog\/wp-content\/uploads\/2021\/03\/ida-noragenser.jpg\" alt=\"\" width=\"1280\" height=\"1241\" srcset=\"https:\/\/grete.duna.no\/blog\/wp-content\/uploads\/2021\/03\/ida-noragenser.jpg 1280w, https:\/\/grete.duna.no\/blog\/wp-content\/uploads\/2021\/03\/ida-noragenser-300x291.jpg 300w, https:\/\/grete.duna.no\/blog\/wp-content\/uploads\/2021\/03\/ida-noragenser-1024x993.jpg 1024w, https:\/\/grete.duna.no\/blog\/wp-content\/uploads\/2021\/03\/ida-noragenser-768x745.jpg 768w, https:\/\/grete.duna.no\/blog\/wp-content\/uploads\/2021\/03\/ida-noragenser-1200x1163.jpg 1200w\" sizes=\"(max-width: 709px) 85vw, (max-width: 909px) 67vw, (max-width: 1362px) 62vw, 840px\" \/><\/a><\/p>\n<p>Og n\u00e5r jula varer helt til p\u00e5ske, s\u00e5 m\u00e5 det v\u00e6re innafor med julegave n\u00e5!<\/p>\n<p><a href=\"https:\/\/www.ravelry.com\/projects\/piaprikk\/morsnoragenser\">Link til Ravelry<\/a> <a href=\"https:\/\/grete.duna.no\/blog\/wp-content\/uploads\/2018\/09\/mini-yarn-ball.jpg\"><img decoding=\"async\" loading=\"lazy\" class=\"alignright size-full wp-image-23301\" src=\"https:\/\/grete.duna.no\/blog\/wp-content\/uploads\/2018\/09\/mini-yarn-ball.jpg\" alt=\"\" width=\"50\" height=\"43\" \/><\/a><\/p>\n","protected":false},"excerpt":{"rendered":"<p>N\u00e5 har jeg gjort ferdig en genser til Ida \ud83d\udc9c Hun fikk nemlig bare et gavekort til jul og kunne \u00f8nske seg m\u00f8nster og farger p\u00e5 en genser selv. Jeg m\u00e5 dessverre beklage at det ikke ble helt som hun beskrev, men ganske n\u00e6rt \u2013 tror jeg. Genseren er strikket med m\u00f8nster i kn\u00e6sjrosa og &hellip; <a href=\"https:\/\/grete.duna.no\/blog\/2021\/03\/20\/jula-varer-helt-til\/\" class=\"more-link\">Continue reading<span class=\"screen-reader-text\"> &#8220;Jula varer helt til \u2026&#8221;<\/span><\/a><\/p>\n","protected":false},"author":2,"featured_media":0,"comment_status":"open","ping_status":"open","sticky":false,"template":"","format":"standard","meta":[],"categories":[9,11,43,195],"tags":[32,191,194,197,236,77,38,61,178,198],"_links":{"self":[{"href":"https:\/\/grete.duna.no\/blog\/wp-json\/wp\/v2\/posts\/25305"}],"collection":[{"href":"https:\/\/grete.duna.no\/blog\/wp-json\/wp\/v2\/posts"}],"about":[{"href":"https:\/\/grete.duna.no\/blog\/wp-json\/wp\/v2\/types\/post"}],"author":[{"embeddable":true,"href":"https:\/\/grete.duna.no\/blog\/wp-json\/wp\/v2\/users\/2"}],"replies":[{"embeddable":true,"href":"https:\/\/grete.duna.no\/blog\/wp-json\/wp\/v2\/comments?post=25305"}],"version-history":[{"count":1,"href":"https:\/\/grete.duna.no\/blog\/wp-json\/wp\/v2\/posts\/25305\/revisions"}],"predecessor-version":[{"id":25308,"href":"https:\/\/grete.duna.no\/blog\/wp-json\/wp\/v2\/posts\/25305\/revisions\/25308"}],"wp:attachment":[{"href":"https:\/\/grete.duna.no\/blog\/wp-json\/wp\/v2\/media?parent=25305"}],"wp:term":[{"taxonomy":"category","embeddable":true,"href":"https:\/\/grete.duna.no\/blog\/wp-json\/wp\/v2\/categories?post=25305"},{"taxonomy":"post_tag","embeddable":true,"href":"https:\/\/grete.duna.no\/blog\/wp-json\/wp\/v2\/tags?post=25305"}],"curies":[{"name":"wp","href":"https:\/\/api.w.org\/{rel}","templated":true}]}}