{"id":25371,"date":"2021-06-01T20:27:44","date_gmt":"2021-06-01T18:27:44","guid":{"rendered":"https:\/\/grete.duna.no\/blog\/?p=25371"},"modified":"2021-06-02T10:41:40","modified_gmt":"2021-06-02T08:41:40","slug":"tidlig-sommer-pa-hjerteromstrammen","status":"publish","type":"post","link":"https:\/\/grete.duna.no\/blog\/2021\/06\/01\/tidlig-sommer-pa-hjerteromstrammen\/","title":{"rendered":"Tidlig sommer p\u00e5 hjerteromstrammen"},"content":{"rendered":"<p>Snakk om \u00e5 v\u00e6re v\u00e6rvinnere alts\u00e5! Helt siden 17. mai-helga har det stort sett v\u00e6rt gnistrende fint og ogs\u00e5 etter hvert skikkelig varmt. Det kunne ikke v\u00e6rt bedre <em>taima &amp; tilrettelagt<\/em> med bygging av ny hjerteromstram. Med stadige hjemmekontordager ble det\u00a0 ogs\u00e5 en perfekt arbeidsplass under parasollen. S\u00e5 <strong>YAY!<\/strong> \u2013 dette ble fantastisk bra.<\/p>\n<p><a href=\"https:\/\/grete.duna.no\/blog\/wp-content\/uploads\/2021\/06\/utekontor3.jpg\"><img decoding=\"async\" loading=\"lazy\" class=\"alignright size-full wp-image-25374\" style=\"border: 1px solid black;\" src=\"https:\/\/grete.duna.no\/blog\/wp-content\/uploads\/2021\/06\/utekontor3.jpg\" alt=\"\" width=\"1280\" height=\"850\" srcset=\"https:\/\/grete.duna.no\/blog\/wp-content\/uploads\/2021\/06\/utekontor3.jpg 1280w, https:\/\/grete.duna.no\/blog\/wp-content\/uploads\/2021\/06\/utekontor3-300x199.jpg 300w, https:\/\/grete.duna.no\/blog\/wp-content\/uploads\/2021\/06\/utekontor3-1024x680.jpg 1024w, https:\/\/grete.duna.no\/blog\/wp-content\/uploads\/2021\/06\/utekontor3-768x510.jpg 768w, https:\/\/grete.duna.no\/blog\/wp-content\/uploads\/2021\/06\/utekontor3-1200x797.jpg 1200w\" sizes=\"(max-width: 709px) 85vw, (max-width: 909px) 67vw, (max-width: 1362px) 62vw, 840px\" \/><\/a><\/p>\n<p>Fortsatt trengs det skygge for \u00e5 kunne bruke skjerm ute, og i varmen er det faktisk helt n\u00f8dvendig \u00e5 komme seg litt unna sola innimellom.<\/p>\n<p><a href=\"https:\/\/grete.duna.no\/blog\/wp-content\/uploads\/2021\/06\/utekontor2.jpg\"><img decoding=\"async\" loading=\"lazy\" class=\"alignright size-full wp-image-25373\" style=\"border: 1px solid black;\" src=\"https:\/\/grete.duna.no\/blog\/wp-content\/uploads\/2021\/06\/utekontor2.jpg\" alt=\"\" width=\"1280\" height=\"1015\" srcset=\"https:\/\/grete.duna.no\/blog\/wp-content\/uploads\/2021\/06\/utekontor2.jpg 1280w, https:\/\/grete.duna.no\/blog\/wp-content\/uploads\/2021\/06\/utekontor2-300x238.jpg 300w, https:\/\/grete.duna.no\/blog\/wp-content\/uploads\/2021\/06\/utekontor2-1024x812.jpg 1024w, https:\/\/grete.duna.no\/blog\/wp-content\/uploads\/2021\/06\/utekontor2-768x609.jpg 768w, https:\/\/grete.duna.no\/blog\/wp-content\/uploads\/2021\/06\/utekontor2-1200x952.jpg 1200w\" sizes=\"(max-width: 709px) 85vw, (max-width: 909px) 67vw, (max-width: 1362px) 62vw, 840px\" \/><\/a><\/p>\n<p>Og enda er det masse ledig plass p\u00e5 trammen. Kanskje det trengs en badebalje etter hvert?<\/p>\n<p><a href=\"https:\/\/grete.duna.no\/blog\/wp-content\/uploads\/2021\/06\/utekontor1.jpg\"><img decoding=\"async\" loading=\"lazy\" class=\"alignright size-full wp-image-25372\" style=\"border: 1px solid black;\" src=\"https:\/\/grete.duna.no\/blog\/wp-content\/uploads\/2021\/06\/utekontor1.jpg\" alt=\"\" width=\"1280\" height=\"883\" srcset=\"https:\/\/grete.duna.no\/blog\/wp-content\/uploads\/2021\/06\/utekontor1.jpg 1280w, https:\/\/grete.duna.no\/blog\/wp-content\/uploads\/2021\/06\/utekontor1-300x207.jpg 300w, https:\/\/grete.duna.no\/blog\/wp-content\/uploads\/2021\/06\/utekontor1-1024x706.jpg 1024w, https:\/\/grete.duna.no\/blog\/wp-content\/uploads\/2021\/06\/utekontor1-768x530.jpg 768w, https:\/\/grete.duna.no\/blog\/wp-content\/uploads\/2021\/06\/utekontor1-1200x828.jpg 1200w\" sizes=\"(max-width: 709px) 85vw, (max-width: 909px) 67vw, (max-width: 1362px) 62vw, 840px\" \/><\/a><\/p>\n","protected":false},"excerpt":{"rendered":"<p>Snakk om \u00e5 v\u00e6re v\u00e6rvinnere alts\u00e5! Helt siden 17. mai-helga har det stort sett v\u00e6rt gnistrende fint og ogs\u00e5 etter hvert skikkelig varmt. Det kunne ikke v\u00e6rt bedre taima &amp; tilrettelagt med bygging av ny hjerteromstram. Med stadige hjemmekontordager ble det\u00a0 ogs\u00e5 en perfekt arbeidsplass under parasollen. S\u00e5 YAY! \u2013 dette ble fantastisk bra. Fortsatt &hellip; <a href=\"https:\/\/grete.duna.no\/blog\/2021\/06\/01\/tidlig-sommer-pa-hjerteromstrammen\/\" class=\"more-link\">Continue reading<span class=\"screen-reader-text\"> &#8220;Tidlig sommer p\u00e5 hjerteromstrammen&#8221;<\/span><\/a><\/p>\n","protected":false},"author":2,"featured_media":0,"comment_status":"open","ping_status":"open","sticky":false,"template":"","format":"standard","meta":[],"categories":[11,43,10],"tags":[219,222,23,131],"_links":{"self":[{"href":"https:\/\/grete.duna.no\/blog\/wp-json\/wp\/v2\/posts\/25371"}],"collection":[{"href":"https:\/\/grete.duna.no\/blog\/wp-json\/wp\/v2\/posts"}],"about":[{"href":"https:\/\/grete.duna.no\/blog\/wp-json\/wp\/v2\/types\/post"}],"author":[{"embeddable":true,"href":"https:\/\/grete.duna.no\/blog\/wp-json\/wp\/v2\/users\/2"}],"replies":[{"embeddable":true,"href":"https:\/\/grete.duna.no\/blog\/wp-json\/wp\/v2\/comments?post=25371"}],"version-history":[{"count":1,"href":"https:\/\/grete.duna.no\/blog\/wp-json\/wp\/v2\/posts\/25371\/revisions"}],"predecessor-version":[{"id":25375,"href":"https:\/\/grete.duna.no\/blog\/wp-json\/wp\/v2\/posts\/25371\/revisions\/25375"}],"wp:attachment":[{"href":"https:\/\/grete.duna.no\/blog\/wp-json\/wp\/v2\/media?parent=25371"}],"wp:term":[{"taxonomy":"category","embeddable":true,"href":"https:\/\/grete.duna.no\/blog\/wp-json\/wp\/v2\/categories?post=25371"},{"taxonomy":"post_tag","embeddable":true,"href":"https:\/\/grete.duna.no\/blog\/wp-json\/wp\/v2\/tags?post=25371"}],"curies":[{"name":"wp","href":"https:\/\/api.w.org\/{rel}","templated":true}]}}